{"id":1241,"date":"2018-07-22T10:05:28","date_gmt":"2018-07-22T08:05:28","guid":{"rendered":"http:\/\/neustimme.minderheiten.at\/wordpress\/?p=1241"},"modified":"2020-11-12T16:59:27","modified_gmt":"2020-11-12T15:59:27","slug":"stimme-107","status":"publish","type":"post","link":"https:\/\/stimme.minderheiten.at\/wordpress\/index.php\/stimme\/2018\/1241","title":{"rendered":"#107\/2018 Frauenwahlrecht"},"content":{"rendered":"\n<figure class=\"wp-block-image is-resized\"><img decoding=\"async\" loading=\"lazy\" src=\"https:\/\/stimme.minderheiten.at\/wordpress\/wp-content\/uploads\/sites\/3\/2019\/07\/stimme_nr107.jpg\" alt=\"\" class=\"wp-image-2408\" width=\"346\" height=\"480\" srcset=\"https:\/\/stimme.minderheiten.at\/wordpress\/wp-content\/uploads\/sites\/3\/2019\/07\/stimme_nr107.jpg 692w, https:\/\/stimme.minderheiten.at\/wordpress\/wp-content\/uploads\/sites\/3\/2019\/07\/stimme_nr107-216x300.jpg 216w, https:\/\/stimme.minderheiten.at\/wordpress\/wp-content\/uploads\/sites\/3\/2019\/07\/stimme_nr107-520x721.jpg 520w\" sizes=\"(max-width: 346px) 100vw, 346px\" \/><\/figure>\n\n\n\n<p>Mit Ende des Ersten Weltkrieges und Ausrufung der Republik im Jahr 1918 wurde in \u00d6sterreich auch das allgemeine Wahlrecht f\u00fcr Frauen beschlossen \u2014 m\u0131t Ausschluss der Prostituierten bis 1923. Zur Beobachtung des weiblichen Wahlverhaltens waren zun\u00e4chst bis 1931 f\u00fcr W\u00e4hlerinnen verschiedenfarbige Kuverts vorgesehen \u2013&nbsp;ein Vorgehen, das von 1954 bis 1996 bei Landtags- bzw. Gemeinderatswahlen in Wien praktiziert wurde.<br>Hundert Jahre und zahlreiche frauenpolitische Fort- und R\u00fcckschritte sp\u00e4ter ist das Jubil\u00e4umsjahr 2018 von einem massiven Aufschrei \u00fcber Sexismus gepr\u00e4gt. Unter dem Hashtag&nbsp;#MeToo, das \u00fcbrigens zehn Jahre zuvor von der afroamerikanischen Aktivistin Tarana Burke initiiert wurde, berichten auf sozialen Medien zahlreiche Frauen \u00fcber erlebte sexuelle Bel\u00e4stigung in Politik, Sport, Kunst sowie in weniger prominenten beruflichen Feldern. Gleichzeitig ist seit 2017 \u2013 zwanzig Jahre nach dem ersten Frauenvolksbegehren mit 650.0000 Unterschriften und kaum Konsequenzen \u2013 ein neues gestartet worden. Das aktuelle&nbsp;Frauen*Volksbegehren&nbsp;\u2013 ein Zusammenschluss aus \u00fcber 70 Frauenorganisationen \u2013 fordert unter anderem, dass Frauen den Platz an den Entscheidungstischen bekommen, der ihnen zusteht. Ein kleiner und doch bedeutsamer Unterschied zu 1997: Das Frauen*Volksbegehren arbeitet explizit mit einem inklusiven Frauenbegriff, der neben Cis-Frauen auch Trans-Frauen, nicht-bin\u00e4re Frauen und Interpersonen umfasst.<\/p>\n\n\n\n<p>Unsere zweite Ausgabe im Gedenk-und Jubil\u00e4umsjahr 2018 widmen wir dem Thema Geschlechtergerechtigkeit: eine Bestandsaufnahme durch Theoretiker_innen und Aktivist_innen.<br>Die Kraft f\u00fcr die aktuellen K\u00e4mpfe um Gleichstellung k\u00f6nnen wir von unseren Vorg\u00e4nger_innen holen: Die Medienwissenschaftlerin Sarah Kanawin zeichnet anhand des ersten Internationalen Frauentags 1911 in Wien den z\u00e4hen Kampf f\u00fcr das allgemeine Wahlrecht nach. Birge Krondorfer, politische Philosophin und feministische Aktivistin, pl\u00e4diert f\u00fcr eine solidarische Weltgemeinschaft, die nur durch die Wahrnehmung der Weltperspektive der Anderen \u2014 nicht nur der Frauen \u2014 realisierbar ist. F\u00fcr die Kultur- und Sozialanthropologin Barbara Grubner zeigt die #MeToo-Bewegung unter anderem auf, dass die Geschlechtergerechtigkeit&nbsp; in westlichen L\u00e4ndern noch lange nicht verwirklicht ist. Welche Chancen und Aufgaben erwachsen aus dieser Debatte?<br>Ein weiteres politisches Ereignis, das 2018 Jubil\u00e4um feiert, sind die weltweiten 68er Student_innen- und Jugendrevolten. Ungeachtet der untergeordneten Rolle der Frauen darin \u2013 Stichwort Frauenfrage als \u201eNebenwiderspruch\u201c \u2013 entstand aus der 68er Bewegung die Neue Frauenbewegung. Duygu \u00d6zkan sprach mit der Filmemacherin, Regisseurin und Feministin K\u00e4the Kratz \u00fcber die frauenpolitischen Errungenschaften der 1970er Jahre und ihren Erfahrungen mit dem Chauvinismus in der M\u00e4nnerwelt des Films.<br>Die Basisbildnerin Nima Obaro schlie\u00dflich unternimmt den Versuch, den p\u00e4dagogischen Ansatz der feministischen Wissenschaftstheoretikerin Gayatri C. Spivak in der aktuellen \u00f6sterreichischen Wirklichkeit der oktroyierten \u201eWerte\u201ckurse f\u00fcr Migrant_innen anzusiedeln.<\/p>\n\n\n\n<p>Wie wir schon berichtet haben, wurde der Stimme-Autor Hakan G\u00fcrses k\u00fcrzlich mit dem Goldenen Verdienstzeichen des Landes Wien ausgezeichnet. In der Laudatio der Wiener Vizeb\u00fcrgermeisterin Maria Vassilakou erfahren Sie ungeahnt mehr \u00fcber diesen ganz besonderen Wiener.<br>Die slowenisch-sprachige Band&nbsp;Roy de Roy&nbsp;eckt an \u2013 und das ist gut so. Die Musikwissenschaftlerin Raffaela Gmeiner sprach mit dem S\u00e4nger der Band Nikolaj Efendi unter anderem \u00fcber ihre gesungene Wut gegen Nationalismus.<br>In der Radio-Stimme-Nachlese \u00fcber M\u00f6glichkeiten leistbaren Wohnens stellt Julia Sch\u00f6nherr innovative Projekte vor.<br>In ihren Kolumnen besch\u00e4ftigen sich Hakan G\u00fcrses mit links und rechts, Vida Bakondy mit einem S\u00e4ulenbildstock. Erwin Riess mit der Berichterstattung zum Tod von Stephen Hawking und Julia Sch\u00f6nherr mit leistbarem Wohnen.<\/p>\n\n\n\n<p>In eigener Sache<br>Mit gro\u00dfer Freude d\u00fcrfen wir an dieser Stelle Ursula Hemetek, Mitbegr\u00fcnderin, Mitstreiterin und langj\u00e4hrige Obfrau der Initiative Minderheiten zum Wittgensteinpreis 2018 gratulieren, Hemetek, die zur traditionellen Musik von Minderheiten in \u00d6sterreich forscht, leitet das Institut f\u00fcr Volksmusikforschung und Ethnomusikologie an der Universit\u00e4t f\u00fcr Musik und darstellende Kunst Wien.<br>Liebe Uschi, wir sind sehr stolz auf dich!<br>Einen langen Sommer mit noch mehr guten Nachrichten und anregender Lekt\u00fcre<br>w\u00fcnscht<\/p>\n\n\n\n<p><strong>Gamze Ongan<\/strong>, Chefredakteurin<\/p>\n\n\n\n<p><a href=\"https:\/\/stimme.minderheiten.at\/wordpress\/wp-content\/uploads\/sites\/3\/2019\/05\/stimme107_s06.pdf\" target=\"_blank\" rel=\"noopener noreferrer\">Stimmlage<\/a>&nbsp;&#8211; von Hakan G\u00fcrses<br><a href=\"https:\/\/stimme.minderheiten.at\/wordpress\/wp-content\/uploads\/sites\/3\/2019\/05\/stimme107_s08-09.pdf\" target=\"_blank\" rel=\"noopener noreferrer\">Gleiche unter Gleichen<\/a>&nbsp;&#8211; von Sarah Kanawin<br><a href=\"https:\/\/stimme.minderheiten.at\/wordpress\/wp-content\/uploads\/sites\/3\/2019\/05\/stimme107_s10-12.pdf\" target=\"_blank\" rel=\"noopener noreferrer\">Die begrenzte Demokratie<\/a>&nbsp;&#8211; von Birge Krondorfer<br><a href=\"https:\/\/stimme.minderheiten.at\/wordpress\/wp-content\/uploads\/sites\/3\/2019\/05\/stimme107_s13-16.pdf\" target=\"_blank\" rel=\"noopener noreferrer\">Was bleibt von #MeToo?<\/a>&nbsp;&#8211; von Barbara Grubner<br><a href=\"https:\/\/stimme.minderheiten.at\/wordpress\/wp-content\/uploads\/sites\/3\/2019\/05\/stimme107_s17-19.pdf\" target=\"_blank\" rel=\"noopener noreferrer\">K\u00e4the Kratz<\/a>&nbsp;im Gespr\u00e4ch mit Duygu \u00d6zkan<br><a href=\"https:\/\/stimme.minderheiten.at\/wordpress\/wp-content\/uploads\/sites\/3\/2019\/05\/stimme107_s20-22.pdf\" target=\"_blank\" rel=\"noopener noreferrer\">Wider das derart-regiert-werden<\/a>&nbsp;&#8211; von Nima Obaro<br><a href=\"https:\/\/stimme.minderheiten.at\/wordpress\/wp-content\/uploads\/sites\/3\/2019\/05\/stimme107_s23.pdf\" target=\"_blank\" rel=\"noopener noreferrer\">Zum Tod von Stephen Hawking<\/a>&nbsp;&#8211; von Erwin Riess<br><a href=\"https:\/\/stimme.minderheiten.at\/wordpress\/wp-content\/uploads\/sites\/3\/2019\/05\/stimme107_s24-25.pdf\" target=\"_blank\" rel=\"noopener noreferrer\">Nikolaj Efendi (Roy de Roy)<\/a>&nbsp;im Gespr\u00e4ch mit Raffaela Gmeiner<br><a href=\"https:\/\/stimme.minderheiten.at\/wordpress\/wp-content\/uploads\/sites\/3\/2019\/05\/stimme107_s26-27.pdf\" target=\"_blank\" rel=\"noopener noreferrer\">Goldenes Verdienstzeichen an Hakan G\u00fcrses<\/a>&nbsp;&#8211; von Maria Vassilakou<br><a href=\"https:\/\/stimme.minderheiten.at\/wordpress\/wp-content\/uploads\/sites\/3\/2019\/05\/stimme107_s28-29.pdf\" target=\"_blank\" rel=\"noopener noreferrer\">Wie leistbar wohnen?&nbsp;<\/a>&#8211; von Julia Sch\u00f6nherr<br><a href=\"https:\/\/stimme.minderheiten.at\/wordpress\/wp-content\/uploads\/sites\/3\/2019\/05\/stimme107_s30-31.pdf\" target=\"_blank\" rel=\"noopener noreferrer\">Spurensicherung<\/a>&nbsp;&#8211; von Vida Bakondy<br><a href=\"https:\/\/stimme.minderheiten.at\/wordpress\/wp-content\/uploads\/sites\/3\/2019\/05\/stimme107_s32-33.pdf\" target=\"_blank\" rel=\"noopener noreferrer\">Lekt\u00fcre<\/a>&nbsp;&#8211; Mit Beitr\u00e4gen von Cornelia Kogoj, Zsaklin Diana Macumba und Jana Sommeregger<\/p>\n\n\n\n<hr class=\"wp-block-separator\" \/>\n\n\n\n<p><strong><a href=\"https:\/\/stimme.minderheiten.at\/wordpress\/wp-content\/uploads\/sites\/3\/2019\/05\/stimme107_web.pdf\" target=\"_blank\" rel=\"noreferrer noopener\">STIMME Nr. 107.pdf<\/a><\/strong><\/p>\n","protected":false},"excerpt":{"rendered":"<p>&#46;&#46;&#46;<\/p>\n","protected":false},"author":3,"featured_media":1242,"comment_status":"closed","ping_status":"closed","sticky":false,"template":"","format":"standard","meta":[],"categories":[6],"tags":[39,43,38],"distributor_meta":false,"distributor_terms":false,"distributor_media":false,"distributor_original_site_name":"Zeitschrift Stimme","distributor_original_site_url":"https:\/\/stimme.minderheiten.at\/wordpress","_links":{"self":[{"href":"https:\/\/stimme.minderheiten.at\/wordpress\/index.php\/wp-json\/wp\/v2\/posts\/1241"}],"collection":[{"href":"https:\/\/stimme.minderheiten.at\/wordpress\/index.php\/wp-json\/wp\/v2\/posts"}],"about":[{"href":"https:\/\/stimme.minderheiten.at\/wordpress\/index.php\/wp-json\/wp\/v2\/types\/post"}],"author":[{"embeddable":true,"href":"https:\/\/stimme.minderheiten.at\/wordpress\/index.php\/wp-json\/wp\/v2\/users\/3"}],"replies":[{"embeddable":true,"href":"https:\/\/stimme.minderheiten.at\/wordpress\/index.php\/wp-json\/wp\/v2\/comments?post=1241"}],"version-history":[{"count":10,"href":"https:\/\/stimme.minderheiten.at\/wordpress\/index.php\/wp-json\/wp\/v2\/posts\/1241\/revisions"}],"predecessor-version":[{"id":3351,"href":"https:\/\/stimme.minderheiten.at\/wordpress\/index.php\/wp-json\/wp\/v2\/posts\/1241\/revisions\/3351"}],"wp:featuredmedia":[{"embeddable":true,"href":"https:\/\/stimme.minderheiten.at\/wordpress\/index.php\/wp-json\/wp\/v2\/media\/1242"}],"wp:attachment":[{"href":"https:\/\/stimme.minderheiten.at\/wordpress\/index.php\/wp-json\/wp\/v2\/media?parent=1241"}],"wp:term":[{"taxonomy":"category","embeddable":true,"href":"https:\/\/stimme.minderheiten.at\/wordpress\/index.php\/wp-json\/wp\/v2\/categories?post=1241"},{"taxonomy":"post_tag","embeddable":true,"href":"https:\/\/stimme.minderheiten.at\/wordpress\/index.php\/wp-json\/wp\/v2\/tags?post=1241"}],"curies":[{"name":"wp","href":"https:\/\/api.w.org\/{rel}","templated":true}]}}