{"id":1503,"date":"2017-03-23T08:27:08","date_gmt":"2017-03-23T07:27:08","guid":{"rendered":"http:\/\/neustimme.minderheiten.at\/wordpress\/?p=1503"},"modified":"2020-11-12T17:03:40","modified_gmt":"2020-11-12T16:03:40","slug":"stimme-nr-102-fruehjahr-2017","status":"publish","type":"post","link":"https:\/\/stimme.minderheiten.at\/wordpress\/index.php\/stimme\/2017\/1503","title":{"rendered":"#102\/2017 Nationalismen"},"content":{"rendered":"\n<figure class=\"wp-block-image is-resized\"><img decoding=\"async\" loading=\"lazy\" src=\"https:\/\/stimme.minderheiten.at\/wordpress\/wp-content\/uploads\/sites\/3\/2019\/07\/stimme102_cover_web-741x1024.jpg\" alt=\"\" class=\"wp-image-2432\" width=\"371\" height=\"512\" srcset=\"https:\/\/stimme.minderheiten.at\/wordpress\/wp-content\/uploads\/sites\/3\/2019\/07\/stimme102_cover_web-741x1024.jpg 741w, https:\/\/stimme.minderheiten.at\/wordpress\/wp-content\/uploads\/sites\/3\/2019\/07\/stimme102_cover_web-217x300.jpg 217w, https:\/\/stimme.minderheiten.at\/wordpress\/wp-content\/uploads\/sites\/3\/2019\/07\/stimme102_cover_web-768x1061.jpg 768w, https:\/\/stimme.minderheiten.at\/wordpress\/wp-content\/uploads\/sites\/3\/2019\/07\/stimme102_cover_web-520x719.jpg 520w, https:\/\/stimme.minderheiten.at\/wordpress\/wp-content\/uploads\/sites\/3\/2019\/07\/stimme102_cover_web.jpg 1000w\" sizes=\"(max-width: 371px) 100vw, 371px\" \/><\/figure>\n\n\n\n<p>Populistische und nationalistische Parteien legen bei Wahlen und Abstimmungen (nicht nur) in Europa stark zu. Ihre Gemeinsamkeiten liegen in der Ablehnung von Einwanderung, der Skepsis gegen\u00fcber der Europ\u00e4ischen Union, dem grunds\u00e4tzlichen Misstrauen gegen\u00fcber Medien sowie Antifeminismus und Homophobie. Die Idee des offenen, minderheitenfreundlichen Europas schwindet rasant, w\u00e4hrend Nationalismen nahezu in Diktaturen \u00fcbergehen. In unserer Fr\u00fchlingsausgabe widmen wir uns den erschreckend zunehmenden Renationalisierungstendenzen, deren Ende leider nicht in Sicht ist.<\/p>\n\n\n\n<p>Ein kurzes Aufblitzen von Hoffnung, gewaltlose, starke Protestbewegungen \u2013 vom arabischen Fr\u00fchling \u00fcber die Gezi-Bewegung bis zur Maidan-Revolution \u2013 bestimmten die 2010er Jahre. Hakan G\u00fcrses sucht Erkl\u00e4rungen f\u00fcr die Zeit danach, in der Staatsstreiche, milit\u00e4rische Konflikte und Diktaturen die aufkommende pluralistische Kraft der B\u00fcrger_innen im Keim erstickten. <br>Soll man und kann man \u00fcberhaupt Nationalist_innen aufkl\u00e4ren? Der Schriftsteller Richard Schuberth macht sich \u201everstreute\u201c Gedanken.<br>Ungarn und Polen sind die ersten EU-L\u00e4nder, deren nationalkonservative Regierungsparteien einen radikalen Umbau des politischen Systems verfolgen. Wir haben die deutsch-ungarische Kulturwissenschaftlerin Magdalena Marsovszky sowie den Schriftsteller und Osteuropa-Experten Martin Pollack Analysen der Entwicklungen in Osteuropa gebeten.<\/p>\n\n\n\n<p>Auch in \u00d6sterreich w\u00e4re beinahe ein Rechtspopulist zum Staatspr\u00e4sidenten gek\u00fcrt worden. Die Soziologin und Historikerin Karin St\u00f6gner weist in ihrem Beitrag auf die Verschr\u00e4nkung von Nationalismus und Antifeminismus im Weltbild der Freiheitlichen Partei \u00d6sterreichs hin.<br>\u201eI am a dreamer. You can&#8217;t deport ideals\u201c war Ende J\u00e4nner dieses Jahres auf dem Plakat einer New Yorker Demonstrantin zu lesen. Dreamers \u2013 abgeleitet vom amerikanischen Traum \u2013 nennen sich Kinder illegaler Einwanderer in den USA. Zsaklin Diana Macumba berichtet \u00fcber die Einwanderungspolitik der Trump-Regierung und die neuen \u00c4ngste der Betroffenen. <br>Unsere Themenstrecke schlie\u00dfen wir mit einem literarischen Text ab: \u201eAls nach Milo\u0161evi\u0107 das Wasser kam\u201c \u2013 der Schriftsteller Marco Dini\u0107 stellte der Stimme seinen Romanauszug zur Verf\u00fcgung, den er beim Ingeborg-Bachmann-Preis 2016 in Klagenfurt gelesen hat.<\/p>\n\n\n\n<p>Ein Besuch in der Gem\u00e4ldegalerie des Museums f\u00fcr Bildende K\u00fcnste am Schillerplatz best\u00e4tigte Groll und dem Dozenten zum wiederholten Male die systematische Verletzung der Barrierefreiheit in \u00f6ffentlichen Institutionen. Erwin Riess erz\u00e4hlt. <br>Die Radio-Stimme-Nachlese greift auf eine Sendung vor, die im Mai 2017 ausgestrahlt wird: Petra Permesser befasst sich mit dem Homonationalismus.<br>Ein Foto, das eine Demonstration der Nationaldemokratischen Partei \u00d6sterreich im Februar 1971 festh\u00e4lt, war f\u00fcr Vida Bakondy Anlass, f\u00fcr die Spurensicherung die Hintergr\u00fcnde zu recherchieren.<\/p>\n\n\n\n<p>Das Jahr 2017 begann mit dem lange Unvorstellbaren: Am 20. J\u00e4nner wurde der rechtspopulistische Gesch\u00e4ftsmann Donald Trump als der 45. Pr\u00e4sident der Vereinigten Staaten von Amerika vereidigt. F\u00fcr Erleichterung sorgte das niederl\u00e4ndische Wahlergebnis \u2013 wenngleich der Nationalist Geert Wilders zulegen konnte, blieb er weit hinter seinem gesteckten Ziel, st\u00e4rkste Partei zu werden. Am 16. April findet in der T\u00fcrkei das Referendum \u00fcber eine Pr\u00e4sidialdemokratie statt, wonach der Staatspr\u00e4sident direkt vom Volk gew\u00e4hlt und mit einer ungew\u00f6hnlichen Machtf\u00fclle ausgestattet werden soll. In Frankreich werden der rechtspopulistischen Front National Marine Le Pens ernsthafte Chancen zuerkannt, wenn am 23. April und 7. Mai dieses Jahres gew\u00e4hlt wird. Und am 24. September ist schlie\u00dflich Deutschland dran, wo trotz zuletzt sinkender Umfragewerte die populistische AfD erstmals in den Bundestag einziehen k\u00f6nnte.<\/p>\n\n\n\n<p>Bewegte Zeiten also, wie wir sie die vergangenen 25 Jahre der Stimme so noch nicht erlebt haben. Doch ist es Fr\u00fchling und nicht alle Wahlen sind geschlagen. Ungeachtet dessen, wie die L\u00e4nder w\u00e4hlen, liegt es auch an uns, unseren Beitrag f\u00fcr Demokratie, Menschenrechte, Freiheit und Gerechtigkeit zu leisten. Es ist nie umsonst.<br>In diesem Sinne w\u00fcnscht Ihnen viel Licht, Heiterkeit und Zuversicht<\/p>\n\n\n\n<p><strong>Gamze Ongan<\/strong>, Chefredakteurin<\/p>\n\n\n\n<p><a href=\"http:\/\/minderheiten.at\/images\/stories\/stimme102_s06.pdf\" target=\"_blank\" rel=\"noopener noreferrer\">Stimmlage<\/a> &#8211; von Hakan G\u00fcrses<\/p>\n\n\n\n<p><a href=\"http:\/\/minderheiten.at\/images\/stories\/stimme102_s32-33.pdf\" target=\"_blank\" rel=\"noopener noreferrer\">Nachlese<\/a><\/p>\n\n\n\n<hr class=\"wp-block-separator\" \/>\n\n\n\n<p><a href=\"http:\/\/stimme.minderheiten.at\/wordpress\/wp-content\/uploads\/sites\/3\/2019\/07\/stimme102_web.pdf\" target=\"_blank\" rel=\"noreferrer noopener\" aria-label=\"STIMME Nr. 102.pdf (\u00f6ffnet in neuem Tab)\">STIMME Nr. 102.pdf<\/a><\/p>\n","protected":false},"excerpt":{"rendered":"<p>&#46;&#46;&#46;<\/p>\n","protected":false},"author":3,"featured_media":1492,"comment_status":"closed","ping_status":"closed","sticky":false,"template":"","format":"standard","meta":[],"categories":[6],"tags":[55],"distributor_meta":false,"distributor_terms":false,"distributor_media":false,"distributor_original_site_name":"Zeitschrift Stimme","distributor_original_site_url":"https:\/\/stimme.minderheiten.at\/wordpress","_links":{"self":[{"href":"https:\/\/stimme.minderheiten.at\/wordpress\/index.php\/wp-json\/wp\/v2\/posts\/1503"}],"collection":[{"href":"https:\/\/stimme.minderheiten.at\/wordpress\/index.php\/wp-json\/wp\/v2\/posts"}],"about":[{"href":"https:\/\/stimme.minderheiten.at\/wordpress\/index.php\/wp-json\/wp\/v2\/types\/post"}],"author":[{"embeddable":true,"href":"https:\/\/stimme.minderheiten.at\/wordpress\/index.php\/wp-json\/wp\/v2\/users\/3"}],"replies":[{"embeddable":true,"href":"https:\/\/stimme.minderheiten.at\/wordpress\/index.php\/wp-json\/wp\/v2\/comments?post=1503"}],"version-history":[{"count":7,"href":"https:\/\/stimme.minderheiten.at\/wordpress\/index.php\/wp-json\/wp\/v2\/posts\/1503\/revisions"}],"predecessor-version":[{"id":3356,"href":"https:\/\/stimme.minderheiten.at\/wordpress\/index.php\/wp-json\/wp\/v2\/posts\/1503\/revisions\/3356"}],"wp:featuredmedia":[{"embeddable":true,"href":"https:\/\/stimme.minderheiten.at\/wordpress\/index.php\/wp-json\/wp\/v2\/media\/1492"}],"wp:attachment":[{"href":"https:\/\/stimme.minderheiten.at\/wordpress\/index.php\/wp-json\/wp\/v2\/media?parent=1503"}],"wp:term":[{"taxonomy":"category","embeddable":true,"href":"https:\/\/stimme.minderheiten.at\/wordpress\/index.php\/wp-json\/wp\/v2\/categories?post=1503"},{"taxonomy":"post_tag","embeddable":true,"href":"https:\/\/stimme.minderheiten.at\/wordpress\/index.php\/wp-json\/wp\/v2\/tags?post=1503"}],"curies":[{"name":"wp","href":"https:\/\/api.w.org\/{rel}","templated":true}]}}