{"id":1505,"date":"2016-12-12T08:29:44","date_gmt":"2016-12-12T07:29:44","guid":{"rendered":"http:\/\/neustimme.minderheiten.at\/wordpress\/?p=1505"},"modified":"2020-11-14T00:01:13","modified_gmt":"2020-11-13T23:01:13","slug":"stimme-101-winter-2016","status":"publish","type":"post","link":"https:\/\/stimme.minderheiten.at\/wordpress\/index.php\/stimme\/2016\/1505","title":{"rendered":"#101\/2016 Sexismus &amp; Homophobie"},"content":{"rendered":"\n<figure class=\"wp-block-image is-resized\"><img decoding=\"async\" loading=\"lazy\" src=\"https:\/\/stimme.minderheiten.at\/wordpress\/wp-content\/uploads\/sites\/3\/2019\/07\/stimme101_cover-742x1024.jpg\" alt=\"\" class=\"wp-image-2436\" width=\"371\" height=\"512\" srcset=\"https:\/\/stimme.minderheiten.at\/wordpress\/wp-content\/uploads\/sites\/3\/2019\/07\/stimme101_cover-742x1024.jpg 742w, https:\/\/stimme.minderheiten.at\/wordpress\/wp-content\/uploads\/sites\/3\/2019\/07\/stimme101_cover-217x300.jpg 217w, https:\/\/stimme.minderheiten.at\/wordpress\/wp-content\/uploads\/sites\/3\/2019\/07\/stimme101_cover-768x1060.jpg 768w, https:\/\/stimme.minderheiten.at\/wordpress\/wp-content\/uploads\/sites\/3\/2019\/07\/stimme101_cover-520x718.jpg 520w, https:\/\/stimme.minderheiten.at\/wordpress\/wp-content\/uploads\/sites\/3\/2019\/07\/stimme101_cover.jpg 900w\" sizes=\"(max-width: 371px) 100vw, 371px\" \/><\/figure>\n\n\n\n<p>Zuerst war der Sieg \u00d6sterreichs beim Eurovision Song Contest 2014 mit der Transgender-S\u00e4ngerin Conchita Wurst. Im darauffolgenden Jahr 2015 \u00fcbertraf sich die Euphorie um die Offenheit f\u00fcr queere Lebensweisen selbst: Das Gro\u00dfevent ESC wurde in Wien ausgerichtet. Die \u201eHauptstadt der Toleranz\u201c schm\u00fcckte ihre Stra\u00dfen mit gleichgeschlechtlichen Ampelp\u00e4rchen, die Medien feierten die \u201eoffene Gesellschaft\u201c. So sch\u00f6n es war \u2013 was davon ist geblieben? Gelten lesbische, bisexuelle, schwule, trans*-, und heterosexuelle Lebensweisen schon als gleichberechtigt?<br>Die Stimme-Ausgabe Einhundertundeins nimmt Homophobie, Transphobie und Sexismus im \u00d6sterreich des Jahres 2016 unter die Lupe.<\/p>\n\n\n\n<p><a href=\"https:\/\/stimme.minderheiten.at\/wordpress\/wp-content\/uploads\/sites\/3\/2019\/05\/stimme101_web_11-13.pdf\" target=\"_blank\" rel=\"noreferrer noopener\">Paul Scheibelhofer<\/a>, M\u00e4nnlichkeitsforscher, befasst sich mit der Funktion homophober Abwertungen f\u00fcr junge M\u00e4nner und damit, wie ihnen entgegengewirkt werden kann.<br>Im \u201eAnti-Genderismus\u201c treffen sich rechtsextreme, rechtskonservative und fundamentalistisch-katholische Gruppen, wie in dem gemeinsamen Text der Politikwissenschaftlerinnen <a href=\"https:\/\/stimme.minderheiten.at\/wordpress\/wp-content\/uploads\/sites\/3\/2019\/05\/stimme101_web_08-10.pdf\" target=\"_blank\" rel=\"noreferrer noopener\">Stefanie Mayer, Edma Ajanovic und Birgit Sauer<\/a> analysiert wird.<br>Der Theatermacher <a href=\"https:\/\/stimme.minderheiten.at\/wordpress\/wp-content\/uploads\/sites\/3\/2019\/05\/stimme101_web_14-16.pdf\" target=\"_blank\" rel=\"noreferrer noopener\">Gin M\u00fcller<\/a> sprach mit der Transfrau Luna (Name anonymisiert) und erfuhr, dass Transphobie und Sexismus nicht nur unter Heterosexuellen anzutreffen ist.<br>In einem Gemeinschaftstext erz\u00e4hlen <a href=\"https:\/\/stimme.minderheiten.at\/wordpress\/wp-content\/uploads\/sites\/3\/2019\/05\/stimme101_web_17-18.pdf\" target=\"_blank\" rel=\"noreferrer noopener\">\u201eDie zw\u00f6lf Opossums\u201c<\/a> \u2013 aus dem post-sowjetischen Raum migrierte queere Menschen \u2013 \u00fcber ihre Erfahrungen mit Solidarit\u00e4t in \u00d6sterreich.<br>Auch die Kunststudentin <a href=\"https:\/\/stimme.minderheiten.at\/wordpress\/wp-content\/uploads\/sites\/3\/2019\/05\/stimme101_web_19-21.pdf\" target=\"_blank\" rel=\"noreferrer noopener\">Maira Enesi Caixeta<\/a> nahm ihre Erfahrungen als queere, schwarze Migrantin als Grundlage f\u00fcr ihr think-piece: \u201eWind der Ver\u00e4nderung\u201c.<\/p>\n\n\n\n<p>An dieser Stelle einen herzlichen Dank an Rene\u00e9 Winter, Vida Bakondy und Bernhard Weidinger f\u00fcr ihre Unterst\u00fctzung bei der Konzeption dieser Ausgabe.<\/p>\n\n\n\n<p>Sind wir f\u00fcr den Tod von fremden Reisenden verantwortlich, auch wenn wir den Krieg nicht verursacht haben? Die Kultur- und Sozialanthropologin<a href=\"https:\/\/stimme.minderheiten.at\/wordpress\/wp-content\/uploads\/sites\/3\/2019\/05\/stimme101_web_22-25.pdf\" target=\"_blank\" rel=\"noreferrer noopener\"> Sabine Strasser<\/a>, hat untersucht, wie Menschen mit dieser Gewissenfrage umgehen: im Stimme-Gespr\u00e4ch.<br>Herrn Groll und dem Dozenten bleibt in ihrer monatlichen Zeitungsschau wieder einmal nichts erspart: Homophobie, Sexismus, Populismus und vieles mehr. Von <a href=\"https:\/\/stimme.minderheiten.at\/wordpress\/wp-content\/uploads\/sites\/3\/2019\/05\/stimme101_web_26.pdf\" target=\"_blank\" rel=\"noreferrer noopener\">Erwin Riess<\/a>.<br><a href=\"https:\/\/stimme.minderheiten.at\/wordpress\/wp-content\/uploads\/sites\/3\/2019\/05\/stimme101_web_27.pdf\" target=\"_blank\" rel=\"noreferrer noopener\">Angela Wieser<\/a> berichtet \u00fcber die \u00f6sterreichischen Sportinitiativen f\u00fcr Gefl\u00fcchtete \u2013 recherchiert im Rahmen einer Kooperation der Initiative Minderheiten mit dem Sportministerium.<br>Die Radio-Stimme-Nachlese schlie\u00dflich eine Sendung zum Tabuthema \u201eMutterschaft bereuen\u201c \u2013 verfasst von <a href=\"https:\/\/stimme.minderheiten.at\/wordpress\/wp-content\/uploads\/sites\/3\/2019\/05\/stimme101_web_28-29.pdf\" target=\"_blank\" rel=\"noreferrer noopener\">Zsaklin Diana Macumba<\/a>.<\/p>\n\n\n\n<p>Ein Foto vom ersten \u00f6ffentlichen Auftritt der Homosexuellen Initiative HOSI im Jahre 1980 gab <a href=\"https:\/\/stimme.minderheiten.at\/wordpress\/wp-content\/uploads\/sites\/3\/2019\/05\/stimme101_web_30-31.pdf\" target=\"_blank\" rel=\"noreferrer noopener\">Vida Bakondy<\/a> den Anlass, f\u00fcr die Spurensicherung den Ereignissen rund um dieses Deb\u00fct nachzugehen.<\/p>\n\n\n\n<p>Ein gutes Jahr war 2016 \u2013 insbesondere f\u00fcr Minderheiten und zur Flucht gezwungene Menschen \u2013 nicht, doch welches Jahr ist schon ein gutes Jahr? Wir bleiben jedenfalls dran und besch\u00e4ftigen und auch 2017 mit aktuellen (minderheiten)politischen Themen. In der Fr\u00fchjahrsausgabe soll es um die neuen Nationalismen in und um Europa gehen.<\/p>\n\n\n\n<p>Erholen Sie sich gut und sammeln Sie wieder einmal viel Kraft f\u00fcr die Herausforderungen der Zeit.<br>Sch\u00f6ne Feiertage w\u00fcnscht<\/p>\n\n\n\n<p><strong>Gamze Ongan<\/strong>, Chefredakteurin<\/p>\n\n\n\n<p>Stimmlage: Populismus und repr\u00e4sentative Diktatur &#8211; von <a rel=\"noreferrer noopener\" href=\"https:\/\/stimme.minderheiten.at\/wordpress\/wp-content\/uploads\/sites\/3\/2019\/05\/stimme101_web_06.pdf\" target=\"_blank\">Hakan G\u00fcrses <\/a><\/p>\n\n\n\n<hr class=\"wp-block-separator\" \/>\n\n\n\n<p><strong><a href=\"http:\/\/stimme.minderheiten.at\/wordpress\/wp-content\/uploads\/sites\/3\/2019\/07\/stimme101_web.pdf\" target=\"_blank\" rel=\"noreferrer noopener\" aria-label=\"STIMME Nr. 101.pdf (\u00f6ffnet in neuem Tab)\">STIMME Nr. 101.pdf<\/a><\/strong><\/p>\n","protected":false},"excerpt":{"rendered":"<p>&#46;&#46;&#46;<\/p>\n","protected":false},"author":3,"featured_media":1423,"comment_status":"closed","ping_status":"closed","sticky":false,"template":"","format":"standard","meta":[],"categories":[6],"tags":[57,76,56],"distributor_meta":false,"distributor_terms":false,"distributor_media":false,"distributor_original_site_name":"Zeitschrift Stimme","distributor_original_site_url":"https:\/\/stimme.minderheiten.at\/wordpress","_links":{"self":[{"href":"https:\/\/stimme.minderheiten.at\/wordpress\/index.php\/wp-json\/wp\/v2\/posts\/1505"}],"collection":[{"href":"https:\/\/stimme.minderheiten.at\/wordpress\/index.php\/wp-json\/wp\/v2\/posts"}],"about":[{"href":"https:\/\/stimme.minderheiten.at\/wordpress\/index.php\/wp-json\/wp\/v2\/types\/post"}],"author":[{"embeddable":true,"href":"https:\/\/stimme.minderheiten.at\/wordpress\/index.php\/wp-json\/wp\/v2\/users\/3"}],"replies":[{"embeddable":true,"href":"https:\/\/stimme.minderheiten.at\/wordpress\/index.php\/wp-json\/wp\/v2\/comments?post=1505"}],"version-history":[{"count":8,"href":"https:\/\/stimme.minderheiten.at\/wordpress\/index.php\/wp-json\/wp\/v2\/posts\/1505\/revisions"}],"predecessor-version":[{"id":3358,"href":"https:\/\/stimme.minderheiten.at\/wordpress\/index.php\/wp-json\/wp\/v2\/posts\/1505\/revisions\/3358"}],"wp:featuredmedia":[{"embeddable":true,"href":"https:\/\/stimme.minderheiten.at\/wordpress\/index.php\/wp-json\/wp\/v2\/media\/1423"}],"wp:attachment":[{"href":"https:\/\/stimme.minderheiten.at\/wordpress\/index.php\/wp-json\/wp\/v2\/media?parent=1505"}],"wp:term":[{"taxonomy":"category","embeddable":true,"href":"https:\/\/stimme.minderheiten.at\/wordpress\/index.php\/wp-json\/wp\/v2\/categories?post=1505"},{"taxonomy":"post_tag","embeddable":true,"href":"https:\/\/stimme.minderheiten.at\/wordpress\/index.php\/wp-json\/wp\/v2\/tags?post=1505"}],"curies":[{"name":"wp","href":"https:\/\/api.w.org\/{rel}","templated":true}]}}