{"id":1508,"date":"2016-10-17T08:34:47","date_gmt":"2016-10-17T06:34:47","guid":{"rendered":"http:\/\/neustimme.minderheiten.at\/wordpress\/?p=1508"},"modified":"2020-11-13T22:26:50","modified_gmt":"2020-11-13T21:26:50","slug":"stimme-nr-100-herbst-2016","status":"publish","type":"post","link":"https:\/\/stimme.minderheiten.at\/wordpress\/index.php\/stimme\/2016\/1508","title":{"rendered":"#100\/2016 Minorit\u00e4re Allianzen"},"content":{"rendered":"\n<figure class=\"wp-block-image is-resized\"><img decoding=\"async\" loading=\"lazy\" src=\"https:\/\/stimme.minderheiten.at\/wordpress\/wp-content\/uploads\/sites\/3\/2019\/07\/stimme100_cover_web-743x1024.jpg\" alt=\"\" class=\"wp-image-2442\" width=\"372\" height=\"512\" srcset=\"https:\/\/stimme.minderheiten.at\/wordpress\/wp-content\/uploads\/sites\/3\/2019\/07\/stimme100_cover_web-743x1024.jpg 743w, https:\/\/stimme.minderheiten.at\/wordpress\/wp-content\/uploads\/sites\/3\/2019\/07\/stimme100_cover_web-218x300.jpg 218w, https:\/\/stimme.minderheiten.at\/wordpress\/wp-content\/uploads\/sites\/3\/2019\/07\/stimme100_cover_web-768x1058.jpg 768w, https:\/\/stimme.minderheiten.at\/wordpress\/wp-content\/uploads\/sites\/3\/2019\/07\/stimme100_cover_web-520x716.jpg 520w, https:\/\/stimme.minderheiten.at\/wordpress\/wp-content\/uploads\/sites\/3\/2019\/07\/stimme100_cover_web.jpg 800w\" sizes=\"(max-width: 372px) 100vw, 372px\" \/><figcaption> <br><\/figcaption><\/figure>\n\n\n\n<p><strong>25 Jahre STIMME &amp; 100. Ausgabe<\/strong> <\/p>\n\n\n\n<p>Die Schaffung von minorit\u00e4ren Allianzen war der Gr\u00fcndungsgedanke der<strong> Initiative Minderheiten<\/strong>, die vor 25 Jahren von Aktivist_innen aus unterschiedlichen minorisierten Gruppen in die Welt gerufen wurde. Der sehr breit interpretierte Minderheitenbegriff, der die Initiative auf ihrem Weg begleiten sollte, war f\u00fcr diese Zeit eine Provokation, erz\u00e4hlt das Gr\u00fcndungsmitglied Vladimir Wakounig. Das Projekt verfolgt bis heute die Strategie, durch Allianzen gemeinsame gesellschaftspolitische Anliegen zu identifizieren und durchzusetzen. Als mediale Plattform f\u00fcr Allianzen bietet die <strong>STIMME<\/strong> Raum zum Interagieren, Sammeln von unterschiedlichen Positionen und Kundtun von Forderungen. Unsere 100. Ausgabe widmen wir dem Gr\u00fcndungsgedanken.<\/p>\n\n\n\n<p><em>\u201eAllianz hei\u00dft nicht das Aufgeben eigener (&#8230;) Forderungen, ebensowenig die volle Identifikation mit allen Anliegen des B\u00fcndnispartners; sie verlangt keine Kraftvergeudung f\u00fcr die Zwecke anderer, bedeutet auch nicht Prestigeverlust in der \u00d6ffentlichkeit. Eine minorit\u00e4re Allianz beginnt mit der Wahrnehmung der Gemeinsamkeiten eigener Anliegen mit jenen anderer Minderheiten, geht \u00fcber die Koordinierung \u00e4hnlicher Bem\u00fchungen in tempor\u00e4re, strategiebezogene Zusammenk\u00fcnfte. Gemeinsames Auftreten verst\u00e4rkt jede einzelne Gruppe der Allianz\u201c. <\/em><\/p>\n\n\n\n<p>Das schrieb <a href=\"https:\/\/stimme.minderheiten.at\/wordpress\/wp-content\/uploads\/sites\/3\/2019\/05\/stimme100_web_s08-11.pdf\" target=\"_blank\" rel=\"noreferrer noopener\"><strong>Hakan G\u00fcrses<\/strong><\/a> schon im Jahr 1994. Einleitend zu unserem Themenschwerpunkt setzt er sich mit den alten und neuen Minderheiten auseinander und weist erneut auf die Notwendigkeit der Allianzenbildung hin.<br>Der Menschenrechtler<a href=\"https:\/\/stimme.minderheiten.at\/wordpress\/wp-content\/uploads\/sites\/3\/2019\/05\/stimme100_web_s12-13.pdf\" target=\"_blank\" rel=\"noreferrer noopener\"> <strong>Philipp Sonderegger<\/strong><\/a> erinnert sich an den H\u00f6henflug der antirassistischen Bewegung in \u00d6sterreich Anfang der 2000er Jahre \u2013 dank der Bildung von Allianzen \u00fcber ethnische Grenzen hinaus.<br><a href=\"https:\/\/stimme.minderheiten.at\/wordpress\/wp-content\/uploads\/sites\/3\/2019\/05\/stimme100_web_s14-15.pdf\" target=\"_blank\" rel=\"noreferrer noopener\"><strong>Marty Huber<\/strong><\/a>, Mitbegr\u00fcnder_in von Queer Base, diskutiert die Notwendigkeit von Allianzen innerhalb der Queer-Community und mit Fl\u00fcchtlingen, die aufgrund ihrer Sexualit\u00e4t oder Geschlechtsidentit\u00e4t verfolgt wurden.<br>Wie schwierig es war und wie es dennoch gelang: Die Politikwissenschaftlerin <a href=\"https:\/\/stimme.minderheiten.at\/wordpress\/wp-content\/uploads\/sites\/3\/2019\/05\/stimme100_web_s16-17.pdf\" target=\"_blank\" rel=\"noreferrer noopener\"><strong>Erika Thurner<\/strong><\/a> schreibt \u00fcber die Allianzen und Solidarit\u00e4t unter den \u00dcberlebenden des Nationalsozialismus.<br>In einem Beitrag \u00fcber \u00f6sterreichische Grenzen hinaus befasst sich der Kunsthistoriker <a href=\"https:\/\/stimme.minderheiten.at\/wordpress\/wp-content\/uploads\/sites\/3\/2019\/05\/stimme100_web_s20-22.pdf\" target=\"_blank\" rel=\"noreferrer noopener\"><strong>Christian Kravagna<\/strong><\/a> mit der Allianz zwischen afroamerikanischen und j\u00fcdischen Akteur_innen aus Wissenschaft, Kunst, Wirtschaft und Politik in der Zeit der sogenannten Harlem Renaissance.<\/p>\n\n\n\n<p>Das Transparent des \u00f6sterreichisch-t\u00fcrkischen Freundschaftsvereins auf einem 1987 entstandenen Demonstrationsfoto brachte <a href=\"https:\/\/stimme.minderheiten.at\/wordpress\/wp-content\/uploads\/sites\/3\/2019\/05\/stimme100_web_s30-31.pdf\" target=\"_blank\" rel=\"noreferrer noopener\"><strong>Vida Bakondy<\/strong><\/a> zum Staunen. Ihre Recherche f\u00fcr die Spurensicherung f\u00fchrte sie zu einer ungew\u00f6hnlichen Allianz. <br><a href=\"https:\/\/stimme.minderheiten.at\/wordpress\/wp-content\/uploads\/sites\/3\/2019\/05\/stimme100_web_s26.pdf\" target=\"_blank\" rel=\"noreferrer noopener\"><strong>Erwin Riess<\/strong><\/a> l\u00e4sst nicht nur Groll und den Dozenten zu Allianzen diskutieren. Er verfasste auch einen ungew\u00f6hnlichen Nachruf auf den sozialkritischen Liedermacher<a href=\"https:\/\/stimme.minderheiten.at\/wordpress\/wp-content\/uploads\/sites\/3\/2019\/05\/stimme100_web_s23.pdf\" target=\"_blank\" rel=\"noreferrer noopener\"> Sigi Maron<\/a>.<\/p>\n\n\n\n<p>Noch bis 22. J\u00e4nner 2017 zeigt das Wien Museum die Ausstellung \u201eSex in Wien\u201c. <a href=\"https:\/\/stimme.minderheiten.at\/wordpress\/wp-content\/uploads\/sites\/3\/2019\/05\/stimme100_web_s24-25.pdf\" target=\"_blank\" rel=\"noreferrer noopener\"><strong>Jessica Beer<\/strong><\/a> sprach mit dem Co-Kurator Andreas Brunner \u00fcber Voyeurismus, Populismus und Subversion. <br>In der Radio-Stimme-Nachlese geht <a href=\"https:\/\/stimme.minderheiten.at\/wordpress\/wp-content\/uploads\/sites\/3\/2019\/05\/stimme100_web_s28-29.pdf\" target=\"_blank\" rel=\"noreferrer noopener\"><strong>Zsaklin Diana Macumba<\/strong><\/a> der&nbsp; verdr\u00e4ngten Geschichte der sogenannten Besatzungskinder in \u00d6sterreich nach. <br>\u201eVielfalt, I like\u201c hei\u00dft eine Filmdokumentation \u00fcber das diversit\u00e4tsbewusste Leben an einer Neuen Mittelschule in K\u00e4rnten.<a href=\"https:\/\/stimme.minderheiten.at\/wordpress\/wp-content\/uploads\/sites\/3\/2019\/05\/stimme100_web_s27.pdf\" target=\"_blank\" rel=\"noreferrer noopener\"> <strong>Irene Cennamo<\/strong><\/a> hat sie f\u00fcr die STIMME besprochen<\/p>\n\n\n\n<p>100 Ausgaben der <strong>STIMME<\/strong> in 25 Jahren hei\u00dft auch die Allianz von weit \u00fcber hundert Menschen. Wir haben einen Bruchteil der Gr\u00fcndungs- und Vorstandsmitglieder, Redakteur_innen und Gestalter_innen, Projekt- und B\u00fcromitarbeiter_innen in diesem <a href=\"https:\/\/stimme.minderheiten.at\/wordpress\/wp-content\/uploads\/sites\/3\/2019\/05\/stimme100_web_s18-19.pdf\" target=\"_blank\" rel=\"noreferrer noopener\">Jubil\u00e4umsheft<\/a> ins Bild ger\u00fcckt. Wir waren und sind zweifellos viel mehr, als wir hier abbilden konnten: Allen gilt unser herzlicher Dank.<\/p>\n\n\n\n<p>Ebenso bedanken wir uns bei allen F\u00f6rdergeber_innen, die uns in den vergangenen 25 Jahren unterst\u00fctzt haben. <br>Und nicht zuletzt Ihnen, liebe Leser_innen, danken f\u00fcr die Begleitung der <strong>STIMME<\/strong> \u00fcber all die Jahre und hoffen, dass sie uns auch in der Zukunft treu bleiben! <br>Viel Solidarit\u00e4t im farbenfrohen Herbst w\u00fcnscht,<\/p>\n\n\n\n<p><strong>Gamze Ongan<\/strong>, Chefredakteurin<\/p>\n","protected":false},"excerpt":{"rendered":"<p>&#46;&#46;&#46;<\/p>\n","protected":false},"author":3,"featured_media":1509,"comment_status":"closed","ping_status":"closed","sticky":false,"template":"","format":"standard","meta":[],"categories":[6],"tags":[65],"distributor_meta":false,"distributor_terms":false,"distributor_media":false,"distributor_original_site_name":"Zeitschrift Stimme","distributor_original_site_url":"https:\/\/stimme.minderheiten.at\/wordpress","_links":{"self":[{"href":"https:\/\/stimme.minderheiten.at\/wordpress\/index.php\/wp-json\/wp\/v2\/posts\/1508"}],"collection":[{"href":"https:\/\/stimme.minderheiten.at\/wordpress\/index.php\/wp-json\/wp\/v2\/posts"}],"about":[{"href":"https:\/\/stimme.minderheiten.at\/wordpress\/index.php\/wp-json\/wp\/v2\/types\/post"}],"author":[{"embeddable":true,"href":"https:\/\/stimme.minderheiten.at\/wordpress\/index.php\/wp-json\/wp\/v2\/users\/3"}],"replies":[{"embeddable":true,"href":"https:\/\/stimme.minderheiten.at\/wordpress\/index.php\/wp-json\/wp\/v2\/comments?post=1508"}],"version-history":[{"count":10,"href":"https:\/\/stimme.minderheiten.at\/wordpress\/index.php\/wp-json\/wp\/v2\/posts\/1508\/revisions"}],"predecessor-version":[{"id":3359,"href":"https:\/\/stimme.minderheiten.at\/wordpress\/index.php\/wp-json\/wp\/v2\/posts\/1508\/revisions\/3359"}],"wp:featuredmedia":[{"embeddable":true,"href":"https:\/\/stimme.minderheiten.at\/wordpress\/index.php\/wp-json\/wp\/v2\/media\/1509"}],"wp:attachment":[{"href":"https:\/\/stimme.minderheiten.at\/wordpress\/index.php\/wp-json\/wp\/v2\/media?parent=1508"}],"wp:term":[{"taxonomy":"category","embeddable":true,"href":"https:\/\/stimme.minderheiten.at\/wordpress\/index.php\/wp-json\/wp\/v2\/categories?post=1508"},{"taxonomy":"post_tag","embeddable":true,"href":"https:\/\/stimme.minderheiten.at\/wordpress\/index.php\/wp-json\/wp\/v2\/tags?post=1508"}],"curies":[{"name":"wp","href":"https:\/\/api.w.org\/{rel}","templated":true}]}}