{"id":1586,"date":"2014-10-21T10:49:19","date_gmt":"2014-10-21T08:49:19","guid":{"rendered":"http:\/\/neustimme.minderheiten.at\/wordpress\/?p=1586"},"modified":"2020-11-13T22:32:03","modified_gmt":"2020-11-13T21:32:03","slug":"stimme-nr-92-herbst-2014","status":"publish","type":"post","link":"https:\/\/stimme.minderheiten.at\/wordpress\/index.php\/stimme\/2014\/1586","title":{"rendered":"#92\/2014 Wohnen"},"content":{"rendered":"\n<figure class=\"wp-block-image\"><img decoding=\"async\" src=\"https:\/\/stimme.minderheiten.at\/wordpress\/wp-content\/uploads\/sites\/3\/2019\/05\/stimme92_web_cover_netz.jpg\" alt=\" \" \/><\/figure>\n\n\n\n<p>Wohnen in \u00d6sterreich: Neben dem trauten Eigenheim, der Eigentums- oder Genossenschaftswohnung bedeutet das auch Gemeindebau. Vor allem in der Metropole Wien. Die Stadt Wien besitzt \u2013 verwaltet durch die \u00f6ffentlich-rechtliche Unternehmung Wiener Wohnen \u2013 ca. 220.000 Gemeindewohnungen und ist somit die gr\u00f6\u00dfte Hausverwaltung Europas. Ein starkes Viertel der Wiener Bev\u00f6lkerung (ca. 500.000 Menschen aus 170 verschiedenen Herkunftsl\u00e4ndern) wohnt in \u00fcber 2300 Gemeindebauten.<\/p>\n\n\n\n<p>International anerkannt, bewundert und hochgelobt, ruft der Gemeindebau heutzutage auch Assoziationen wie soziale Missst\u00e4nde, Bildungsferne und Gewalt hervor. Die \u201eStadt in der Stadt\u201c wird zunehmend zum Schauplatz ethnifizierter Konflikte. W\u00e4hrend f\u00fcr die einen vordergr\u00fcndig die \u201eSorgen und \u00c4ngste\u201c der Alteingesessenen ernst genommen werden m\u00fcssen, ist der Gemeindebau f\u00fcr die anderen schlicht und einfach ein Ort des Rassismus.<br>In der Hausordnung der Berliner \u201eBauBeCon Immobilien GmbH\u201c aus 2002 findet sich neben Hinweisen zu Ruhezeiten, L\u00e4rmbel\u00e4stigung oder Tierhaltung auch der folgende Passus: \u201eDie Mieter verpflichten sich zum gutnachbarschaftlichen Zusammenleben mit allen Bewohnern und ihren G\u00e4sten. Dies gilt unabh\u00e4ngig von Geschlecht, Abstammung, Rasse, Sprache, Heimat und Herkunft, Glauben sowie religi\u00f6sen oder politischen Anschauungen.\u201c Eine \u2013 auch wenn nicht vollst\u00e4ndige \u2013 Recherche in hierzulande g\u00e4ngigen Hausordnungen ergab keinen vergleichbaren Passus. Jedenfalls nicht in der Hausordnung des Wiener Wohnen f\u00fcr Gemeindebauten. Vielleicht eine Anregung?<\/p>\n\n\n\n<p>In unserem Schwerpunktheft zum Thema Wohnen erwarten Sie jedenfalls Beitr\u00e4ge zum sozialen Wohnbau und mehr:<br>Duygu \u00d6zkan geht den Wohnverh\u00e4ltnissen Ende des 19. Jahrhunderts in Wien nach. Sie stellt fest, dass nicht nur damals, sondern auch in den 1960er Jahren vor allem die zugewanderten Werkt\u00e4tigen \u2013 zuerst aus B\u00f6hmen und M\u00e4hren, sp\u00e4ter aus der T\u00fcrkei und aus Jugoslawien \u2013 in menschenunw\u00fcrdigen Zust\u00e4nden wohnen mussten.<br>Einen historischen Streifzug \u2013 diesmal durch den Wiener kommunalen Wohnbau \u2013 unternimmt auch Alexandra Siebenhofer. Sie untersucht den Wandel des \u201esozialen\u201c am sozialen Wohnbau \u2013 von den 1920er Jahren bis hin zur Fertigstellung des letzten Wiener Gemeindebaus im Jahr 2004.<br>Michaela Moser ist begeisterte Bewohnerin des Wohnprojekts Wien im neuen Stadtteil am Nordbahnhofgel\u00e4nde. Sie erz\u00e4hlt von die Entstehung ihres \u201eDorfes mit sieben Stockwerken\u201c und dessen soziokratischer Organisationstruktur.<br>Living Rooms nannte sich ein Forschungsprojekt (2010-2012), das sich mit der politischen Mobilisierung von Zugeh\u00f6rigkeit in Gemeindebauten besch\u00e4ftigte. Julia Mour\u00e3o-Permoser berichtet von den Projektergebnissen, die vor dem Hintergrund der anstehenden Wiener Wahlen wieder an Brisanz gewinnen.<br>Von Wiens sozialem Wohnbau nach Tirol: Innsbruck ist zwar keine Weltstadt, doch die extrem hohen Mietpreise lassen daran zweifeln. Stephan Bla\u00dfnig berichtet von der Errichtung einer Beschwerdestelle als Teil des politischen Kampfes f\u00fcr leistbares und menschenw\u00fcrdiges Wohnen f\u00fcr Alle.<br>Auch in Vida Bakondys Kolumne Spurensicherung geht es um Wohnen. Ihre Analyse von zwei Fotos aus den Jahren 1974 und 1975 gibt Zeugnis nicht nur von Elendsquartieren, sondern auch von sicherheitspolizeilichen Kontrollen zur Fassung und Abschiebung von Migranten und Migrantinnen ohne geregelte Arbeits- und Aufenthaltsgenehmigung.<br>&nbsp;<br>Anstelle von \u201eGroll\u201c finden Sie diesmal den Abdruck der Rede von Erwin Riess anl\u00e4sslich des 20. Jahrestages der Er\u00f6ffnung der Gedenkst\u00e4tte KZ Loibl Nord am 14. Juni 2014.<\/p>\n\n\n\n<p>War der Sieg \u00d6sterreichs beim Eurovision Song Contest 2014 und die kollektive Euphorie um Conchita Wurst wirklich der Sieg einer f\u00fcr Vielfalt offenen Gesellschaft? Wir baten Persson Perry Baumgartinger und Vlatka Frketic<br>um ihre Einsch\u00e4tzung. Die Antwort mussten sie erst in einem Gespr\u00e4ch aushandeln.<\/p>\n\n\n\n<p>Mit einer Reportage von Jana Sommeregger gratulieren wir schlie\u00dflich dem Psychosozialen Zentrum ESRA zum 20. Gr\u00fcndungsjahr.<\/p>\n\n\n\n<p>In eigener Sache<\/p>\n\n\n\n<p>In den ersten drei Ausgaben dieses Jahres haben wir uns mit den Themen Mehrsprachigkeit, Fernsehen und Wohnen auseinandergesetzt. Mit einer Vorschau auf die Ausstellung \u201eRomane Thana \u2013 Orte der Roma und Sinti\u201c in unserer Winterausgabe schlie\u00dfen wir das Jahr 2014 ab. Wir k\u00f6nnen somit auf 23 Jahre Stimme als einzige minderheiten\u00fcbergreifende Zeitschrift in \u00d6sterreich zur\u00fcckblicken.<br>Die Finanzierung unserer Zeitschrift setzt sich aus F\u00f6rderungen und Abo-Beitr\u00e4gen zusammen. Aufgrund der K\u00fcrzung der F\u00f6rderungen um ein Viertel sind wir jedoch mehr denn je auf Ihre Abo-Beitr\u00e4ge angewiesen. Zur Vereinfachung der Zahlung haben wir nun auf unserer Website www.zeitschrift-stimme.at einen Abo-Button eingerichtet und freuen uns auf Ihren Besuch.<\/p>\n\n\n\n<p>Interessante Lekt\u00fcre und einen angenehmen Herbst w\u00fcnscht<\/p>\n\n\n\n<p><strong>Gamze Ongan<\/strong>, Chefredakteurin<\/p>\n\n\n\n<hr class=\"wp-block-separator\" \/>\n\n\n\n<p><a href=\"http:\/\/stimme.minderheiten.at\/wordpress\/wp-content\/uploads\/sites\/3\/2019\/07\/stimme92_web.pdf\" target=\"_blank\" rel=\"noreferrer noopener\" aria-label=\"STIMME Nr. 92.pdf (\u00f6ffnet in neuem Tab)\">STIMME Nr. 92.pdf<\/a><\/p>\n","protected":false},"excerpt":{"rendered":"<p>&#46;&#46;&#46;<\/p>\n","protected":false},"author":3,"featured_media":1588,"comment_status":"closed","ping_status":"closed","sticky":false,"template":"","format":"standard","meta":[],"categories":[6],"tags":[62],"distributor_meta":false,"distributor_terms":false,"distributor_media":false,"distributor_original_site_name":"Zeitschrift Stimme","distributor_original_site_url":"https:\/\/stimme.minderheiten.at\/wordpress","_links":{"self":[{"href":"https:\/\/stimme.minderheiten.at\/wordpress\/index.php\/wp-json\/wp\/v2\/posts\/1586"}],"collection":[{"href":"https:\/\/stimme.minderheiten.at\/wordpress\/index.php\/wp-json\/wp\/v2\/posts"}],"about":[{"href":"https:\/\/stimme.minderheiten.at\/wordpress\/index.php\/wp-json\/wp\/v2\/types\/post"}],"author":[{"embeddable":true,"href":"https:\/\/stimme.minderheiten.at\/wordpress\/index.php\/wp-json\/wp\/v2\/users\/3"}],"replies":[{"embeddable":true,"href":"https:\/\/stimme.minderheiten.at\/wordpress\/index.php\/wp-json\/wp\/v2\/comments?post=1586"}],"version-history":[{"count":7,"href":"https:\/\/stimme.minderheiten.at\/wordpress\/index.php\/wp-json\/wp\/v2\/posts\/1586\/revisions"}],"predecessor-version":[{"id":3365,"href":"https:\/\/stimme.minderheiten.at\/wordpress\/index.php\/wp-json\/wp\/v2\/posts\/1586\/revisions\/3365"}],"wp:featuredmedia":[{"embeddable":true,"href":"https:\/\/stimme.minderheiten.at\/wordpress\/index.php\/wp-json\/wp\/v2\/media\/1588"}],"wp:attachment":[{"href":"https:\/\/stimme.minderheiten.at\/wordpress\/index.php\/wp-json\/wp\/v2\/media?parent=1586"}],"wp:term":[{"taxonomy":"category","embeddable":true,"href":"https:\/\/stimme.minderheiten.at\/wordpress\/index.php\/wp-json\/wp\/v2\/categories?post=1586"},{"taxonomy":"post_tag","embeddable":true,"href":"https:\/\/stimme.minderheiten.at\/wordpress\/index.php\/wp-json\/wp\/v2\/tags?post=1586"}],"curies":[{"name":"wp","href":"https:\/\/api.w.org\/{rel}","templated":true}]}}