{"id":1660,"date":"2012-06-29T17:12:49","date_gmt":"2012-06-29T15:12:49","guid":{"rendered":"http:\/\/neustimme.minderheiten.at\/wordpress\/?p=1660"},"modified":"2020-11-13T23:01:12","modified_gmt":"2020-11-13T22:01:12","slug":"stimme-nr-83-sommer-2012","status":"publish","type":"post","link":"https:\/\/stimme.minderheiten.at\/wordpress\/index.php\/stimme\/2012\/1660","title":{"rendered":"#83\/2012 Austria, give me some noise!"},"content":{"rendered":"\n<figure class=\"wp-block-image is-resized\"><img decoding=\"async\" loading=\"lazy\" src=\"https:\/\/stimme.minderheiten.at\/wordpress\/wp-content\/uploads\/sites\/3\/2019\/05\/stimme83_s01_cover.jpg\" alt=\"\" class=\"wp-image-1661\" width=\"326\" height=\"450\" srcset=\"https:\/\/stimme.minderheiten.at\/wordpress\/wp-content\/uploads\/sites\/3\/2019\/05\/stimme83_s01_cover.jpg 326w, https:\/\/stimme.minderheiten.at\/wordpress\/wp-content\/uploads\/sites\/3\/2019\/05\/stimme83_s01_cover-217x300.jpg 217w\" sizes=\"(max-width: 326px) 100vw, 326px\" \/><\/figure>\n\n\n\n<p>Der von ORF in Partnerschaft mit Wien Tourismus produzierte Pausenfilm des weltweit live \u00fcbertragenen Neujahrkonzerts 2012 der Wiener Philharmoniker stellt eine Hommage an Wien dar. &#8222;Music in the Air&#8220; von Werner Boote f\u00fchrt durch das touristische Wien anhand einer Liebesgeschichte zwischen einer schwarzen Frau und einem wei\u00dfen Mann. Szenen aus dem multikulturellen Naschmarkt, Bilder von Kebabverk\u00e4ufern und freundlichen Polizisten werden von einem Potpourri mit Zitaten aus u. a. j\u00fcdischen, t\u00fcrkischen, ungarischen, asiatischen und arabischen Melodien begleitet. Wien pr\u00e4sentiert sich als eine weltoffene, multikulturelle und vielf\u00e4ltige Stadt voller Leichtigkeit und Harmonie.<\/p>\n\n\n\n<p>Ein sch\u00f6ner Schein. Der Umgang der \u201eKulturnation \u00d6sterreich\u201c mit ausl\u00e4ndischen Kulturschaffenden ist bei weitem nicht so wertsch\u00e4tzend, auch wenn Musik neben \u00f6konomischem Nutzen und kulinarischer Vielfalt eines der Hauptargumente bildet, wenn es&nbsp; darum geht die Vorz\u00fcge der Migration zu unterstreichen. Die aufenthaltsrechtlichen Bedingungen f\u00fcr K\u00fcnstlerInnen aus Drittstaaten haben sich seit Ende der 1990er Jahre schrittweise verschlechtert. Seit dem Inkrafttreten des Niederlassungs- und Aufenthaltsgesetzes 2006 haben ausl\u00e4ndische MusikerInnen und andere Kulturschaffende&nbsp; kein Recht mehr auf Niederlassungsbewilligung in \u00d6sterreich. Sie m\u00fcssen ihren Aufenthaltstitel jedes Jahr neu erk\u00e4mpfen, indem sie nachweisen m\u00fcssen, dass sie aus ihrer selbstst\u00e4ndigen Arbeit ein ausreichendes Einkommen erzielen. Die Angst der Politik vor dem sogenannten Bleiberecht scheint letztendlich doch st\u00e4rker zu sein als Argument der &#8222;kulturellen Bereicherung&#8220;.<\/p>\n\n\n\n<p>Mit dem Themenschwerpunkt Musik schlie\u00dfen wir an die Diskussion an, die mit der Ausstellung &#8222;Grenzpegel. Kreativit\u00e4t und Kontroversen migrantischer Musikszenen&#8220; 2010\/11 er\u00f6ffnet wurde (Teil des Initiative Minderheiten-Projekts &#8222;Viel Gl\u00fcck! Migration heute&#8220; in der Wienbibliothek im Rathaus).<\/p>\n\n\n\n<p>Rosa Reitsamer und Rainer Prokop gehen der Entstehungsgeschichte des sogenannten Austropop als musikalische Hybridform nach und analysieren anhand der Fernsehdokumentation &#8222;Weltber\u00fchmt in \u00d6sterreich &#8211; 50 Jahre Austropop&#8220; dessen kommerzielle Vermarktung.<\/p>\n\n\n\n<p>Seit 1990 wird am Institut f\u00fcr Volksmusikforschung und Ethnologie Musik der \u00f6sterreichischen Minderheiten erforscht. Die Gr\u00fcnderin der Minderheitenschwerpunkts, Ursula Hemetek, zeichnet in einem kritischen R\u00fcckblick die Entwicklung der fachlichen Zug\u00e4nge im Lichte der gesellschaftspolitischen Rahmenbedingungen nach. Eines der neueren Forschungsprojekte des Instituts \u00fcber die Bi-Musikalit\u00e4t der Studierenden pr\u00e4sentiert Hande Sa\u011flam.<\/p>\n\n\n\n<p>Um sogenannte World-Music im weitesten Sinne und deren Rezeption geht es in folgenden zwei Beitr\u00e4gen. Richard Schuberth zeigt anhand der Wahrnehmung von Balkanmusik die Widerspr\u00fcche auf, in die sich die &#8222;Kulturlinke&#8220; verwickelt, ohne sich als Gr\u00fcnder und k\u00fcnstlerischer Leiter des Festivals <em>Balkan Fever <\/em>aus der Kritik auszunehmen. Ruby Sircar stellt ein Ende des medialen Hypes um den sogenannten Ethno-Pop und somit die Verdr\u00e4ngung der betreffenden Labels vom europ\u00e4ischen Markt fest und findet das nicht einmal schlecht.<\/p>\n\n\n\n<p>Fatih Aydo\u011fdu schlie\u00dflich widmet sich in seinem Beitrag musikalischer und kreativer Migration und der identit\u00e4tsbildenden Rolle der Musik.<\/p>\n\n\n\n<p>Im Jahr 1962 beschloss \u00d6sterreich das erste Arbeitskr\u00e4fte-Anwerbeabkommen mit Spanien. Im Gegensatz zu den sp\u00e4teren Abkommen mit der T\u00fcrkei (1964) und Jugoslawien (1966) blieb dieses jedoch aufgrund der geringen Anwerbeerfolge bedeutungslos. Als Beitrag zum 50j\u00e4hrigen Jubil\u00e4um des Beginns der staatlich regulierten Arbeitsmigration nach \u00d6sterreich leiten wir in dieser Ausgabe eine Interviewserie mit Arbeitsmigranten und -migrantinnen der ersten Stunde ein. Den Auftakt macht das Ehepaar Kamil Bicer und Vidat Bicer, die 1967 bzw. 1970 aus dem t\u00fcrkischen Antakya nach Wien kamen und heute in der Pension \u00fcber ihr Leben in der Migration Bilanz ziehen.<\/p>\n\n\n\n<p>In eigener Sache<\/p>\n\n\n\n<p>Zum sechsten Mal findet im Herbst 2012 das Benefizkonzert f\u00fcr die Initiative Minderheiten statt, diesmal mit der Jazzs\u00e4ngerin Maja Osojnik, der Rapperin EsRaP und dem Duo Mika Vember &amp; Martti Winkler. Wir freuen uns viele unserer Leserinnen und Leser am 17. November 2012 beim Inter-Culture Club 2012 im Ost-Club begr\u00fc\u00dfen zu d\u00fcrfen.<\/p>\n\n\n\n<p>Nicht zuletzt m\u00f6chten wir uns f\u00fcr Ihre zahlreichen positiven sowie kritischen R\u00fcckmeldungen zum neuen Erscheinungsbild der Stimme bedanken und w\u00fcnschen einen heiteren Sommer mit viel guter Musik!<\/p>\n\n\n\n<p><strong>Gamze Ongan<\/strong>, Chefredakteurin<\/p>\n\n\n\n<hr class=\"wp-block-separator\" \/>\n\n\n\n<p><a href=\"http:\/\/stimme.minderheiten.at\/wordpress\/wp-content\/uploads\/sites\/3\/2019\/07\/stimme83_web.pdf\" target=\"_blank\" rel=\"noreferrer noopener\" aria-label=\"STIMME Nr. 83.pdf (\u00f6ffnet in neuem Tab)\">STIMME Nr. 83.pdf<\/a><\/p>\n","protected":false},"excerpt":{"rendered":"<p>&#46;&#46;&#46;<\/p>\n","protected":false},"author":3,"featured_media":1661,"comment_status":"closed","ping_status":"closed","sticky":false,"template":"","format":"standard","meta":[],"categories":[6],"tags":[73],"distributor_meta":false,"distributor_terms":false,"distributor_media":false,"distributor_original_site_name":"Zeitschrift Stimme","distributor_original_site_url":"https:\/\/stimme.minderheiten.at\/wordpress","_links":{"self":[{"href":"https:\/\/stimme.minderheiten.at\/wordpress\/index.php\/wp-json\/wp\/v2\/posts\/1660"}],"collection":[{"href":"https:\/\/stimme.minderheiten.at\/wordpress\/index.php\/wp-json\/wp\/v2\/posts"}],"about":[{"href":"https:\/\/stimme.minderheiten.at\/wordpress\/index.php\/wp-json\/wp\/v2\/types\/post"}],"author":[{"embeddable":true,"href":"https:\/\/stimme.minderheiten.at\/wordpress\/index.php\/wp-json\/wp\/v2\/users\/3"}],"replies":[{"embeddable":true,"href":"https:\/\/stimme.minderheiten.at\/wordpress\/index.php\/wp-json\/wp\/v2\/comments?post=1660"}],"version-history":[{"count":7,"href":"https:\/\/stimme.minderheiten.at\/wordpress\/index.php\/wp-json\/wp\/v2\/posts\/1660\/revisions"}],"predecessor-version":[{"id":3376,"href":"https:\/\/stimme.minderheiten.at\/wordpress\/index.php\/wp-json\/wp\/v2\/posts\/1660\/revisions\/3376"}],"wp:featuredmedia":[{"embeddable":true,"href":"https:\/\/stimme.minderheiten.at\/wordpress\/index.php\/wp-json\/wp\/v2\/media\/1661"}],"wp:attachment":[{"href":"https:\/\/stimme.minderheiten.at\/wordpress\/index.php\/wp-json\/wp\/v2\/media?parent=1660"}],"wp:term":[{"taxonomy":"category","embeddable":true,"href":"https:\/\/stimme.minderheiten.at\/wordpress\/index.php\/wp-json\/wp\/v2\/categories?post=1660"},{"taxonomy":"post_tag","embeddable":true,"href":"https:\/\/stimme.minderheiten.at\/wordpress\/index.php\/wp-json\/wp\/v2\/tags?post=1660"}],"curies":[{"name":"wp","href":"https:\/\/api.w.org\/{rel}","templated":true}]}}