{"id":1714,"date":"2019-05-10T18:31:15","date_gmt":"2019-05-10T16:31:15","guid":{"rendered":"http:\/\/neustimme.minderheiten.at\/wordpress\/?p=1714"},"modified":"2020-11-12T16:56:16","modified_gmt":"2020-11-12T15:56:16","slug":"stimme-nr-110-fruehling-2019","status":"publish","type":"post","link":"https:\/\/stimme.minderheiten.at\/wordpress\/index.php\/stimme\/2019\/1714","title":{"rendered":"#110\/2019 Recht versus rechts"},"content":{"rendered":"\n<figure class=\"wp-block-image is-resized\"><img decoding=\"async\" loading=\"lazy\" src=\"https:\/\/stimme.minderheiten.at\/wordpress\/wp-content\/uploads\/sites\/3\/2019\/05\/stimme-110-741x1024.jpeg\" alt=\"\" class=\"wp-image-1715\" width=\"371\" height=\"512\" srcset=\"https:\/\/stimme.minderheiten.at\/wordpress\/wp-content\/uploads\/sites\/3\/2019\/05\/stimme-110-741x1024.jpeg 741w, https:\/\/stimme.minderheiten.at\/wordpress\/wp-content\/uploads\/sites\/3\/2019\/05\/stimme-110-217x300.jpeg 217w, https:\/\/stimme.minderheiten.at\/wordpress\/wp-content\/uploads\/sites\/3\/2019\/05\/stimme-110-768x1061.jpeg 768w, https:\/\/stimme.minderheiten.at\/wordpress\/wp-content\/uploads\/sites\/3\/2019\/05\/stimme-110-520x718.jpeg 520w, https:\/\/stimme.minderheiten.at\/wordpress\/wp-content\/uploads\/sites\/3\/2019\/05\/stimme-110.jpeg 800w\" sizes=\"(max-width: 371px) 100vw, 371px\" \/><\/figure>\n\n\n\n<p>Die Entwicklung der Rechte marginalisierter Gruppen in \u00d6sterreich geht in gro\u00dfem Ausma\u00df auf H\u00f6chstgerichtsurteile zur\u00fcck. Allein die Geschichte der LGBTIQ-Bewegung in den vergangenen 20 Jahren k\u00f6nnte anhand der Urteile des Verfassungsgerichtshofs rekonstruiert werden.&nbsp;<br>Bei gesellschaftlich unbeliebten Themen warten Regierungen so lange mit Reformen, bis Einzelpersonen bei H\u00f6chstgerichten Beschwerde einlegen. Die richtungsweisenden Urteile der obersten Gerichte, welche die nicht verfassungs- bzw. menschenrechtskonformen Regelungen aufheben, setzen der Politik oft ihre Grenzen.&nbsp;<br>Ob wir uns auch weiterhin auf den Rechtsstaat verlassen k\u00f6nnen, ist angesichts der politischen Entwicklungen rund um \u00d6sterreich nicht mehr selbstverst\u00e4ndlich. Trend: Infragestellung der gerichtlichen Kontrolle staatlichen Handelns unter Berufung auf die erzielte Mehrheit bei den Wahlen.<\/p>\n\n\n\n<p>Schon im Jahr 2002 k\u00fcndigte J\u00f6rg Haider, damals K\u00e4rntner Landeshauptmann, im Zusammenhang mit dem VfGH-Entscheid zu Ortstafeln an, er wolle den Verfassungsgerichtshof \u201ezurechtstutzen\u201c. Siebzehn Jahre sp\u00e4ter findet der aktuelle Innenminister Herbert Kickl, dass das Recht der Politik zu folgen habe und nicht umgekehrt. Anlass: Straff\u00e4llig gewordenen Asylberechtigten und Asylwerber_innen soll der Schutzstatus aberkannt werden.<br>F\u00fcr die erste Stimme-Ausgabe 2019 haben wir unsere Autor_innen gefragt, was es f\u00fcr die Demokratie bedeutet, wenn Selbstverst\u00e4ndlichkeiten vom Gesetzgeber nicht eigenst\u00e4ndig geregelt werden und Rechtsunterworfene gezwungen sind, sich um die Rechtshygiene zu k\u00fcmmern. Entstanden ist eine kurze Geschichte der Entwicklung \u00f6sterreichischer Minderheitenrechte anhand von Fallbeispielen, bei denen die H\u00f6chstgerichte eine prominente Rolle spielen.&nbsp;<br>F\u00fcr den Generalsekret\u00e4r des Klagsverbands&nbsp;<a href=\"https:\/\/stimme.minderheiten.at\/wordpress\/wp-content\/uploads\/sites\/3\/2019\/05\/stimme110web_08-10.pdf\" target=\"_blank\" rel=\"noreferrer noopener\"><strong>Volker Frey<\/strong><\/a>&nbsp;ist die h\u00f6chstgerichtliche \u00dcberpr\u00fcfung der Menschenrechtskompatibilit\u00e4t von gesetzlich geregelten Geboten wie Verboten ein wichtiges Korrektiv gegen politische Diskriminierung. Der Jurist legt F\u00e4lle dar, die von Ungleichbehandlung wegen der Staatsb\u00fcrgerschaft gekennzeichnet waren und schlussendlich von den H\u00f6chstgerichten geregelt wurden.<\/p>\n\n\n\n<p>Der Stimme-Redakteur&nbsp;<a rel=\"noreferrer noopener\" href=\"https:\/\/stimme.minderheiten.at\/wordpress\/wp-content\/uploads\/sites\/3\/2019\/05\/stimme110web_11-14.pdf\" target=\"_blank\"><strong>Gerd Valchars<\/strong><\/a>&nbsp;sprach mit der Rechtsphilosophin&nbsp;Elisabeth Holzleithner&nbsp;\u00fcber das Pingpong zwischen Gesetzgebung und H\u00f6chstgerichten, die Signalpolitik sowie die vielen Wege zur Erk\u00e4mpfung von Rechten.&nbsp;<br>Der Jurist&nbsp;<a rel=\"noreferrer noopener\" href=\"https:\/\/stimme.minderheiten.at\/wordpress\/wp-content\/uploads\/sites\/3\/2019\/05\/stimme110web_15-18.pdf\" target=\"_blank\"><strong>Matthias Kettemann<\/strong><\/a>&nbsp;vergleicht das Ortstafelerkenntnis des Verfassungsgerichtshofs aus dem Jahr 2001 mit der Entscheidung des US Supreme Court 1954 in Brown v. Board of Education, mit der die \u201eRassentrennung\u201c in \u00f6ffentlichen Schulen beendet wurde \u2013 beiden Urteilen folgte ein schwieriger Umsetzungsprozess, aber beide haben sozialen Wandel bewirkt.<br>Der Kampf der \u00f6sterreichischen Trans- und Inter*Bewegung galt \u00fcber einen langen Zeitraum den Voraussetzungen f\u00fcr die \u00c4nderung des Geschlechtseintrags sowie einer dritten Eintragsm\u00f6glichkeit. Erkenntnisse des Verwaltungs- bzw. Verfassungsgerichtshofs 2010 und 2018 machten beide Forderungen m\u00f6glich \u2013&nbsp;trotz massiver Gegensteuerung des Gesetzgebers. Der Wissenschafter&nbsp;<a rel=\"noreferrer noopener\" href=\"https:\/\/stimme.minderheiten.at\/wordpress\/wp-content\/uploads\/sites\/3\/2019\/05\/stimme110web_19-22.pdf\" target=\"_blank\"><strong>Persson Perry Baumgartinger<\/strong><\/a>&nbsp;(Trans Studies und Queer Linguistics), befasst sich anhand von Verwaltungsschriften und Gerichtserkenntnissen mit der staatlichen Regulierung von Geschlecht.&nbsp;<br>Im Dezember 2018 wurde eine Entscheidung des Verfassungsgerichtshofs im Zusammenhang mit dem t\u00fcrkischen W\u00e4hlerverzeichnis aus dem Jahr 2017 publik. Anhand dieser Liste wurden (und sollten weiterhin) fast hunderttausend \u00d6sterreicher_innen auf Doppelstaatsb\u00fcrgerschaft \u00fcberpr\u00fcft werden. Der Entscheid hielt fest, dass die Namensliste kein taugliches Beweismittel f\u00fcr die Wiedererlangung der t\u00fcrkischen Staatsb\u00fcrgerschaft sei. Die Juristin und ehemalige Nationalratsabgeordnete der Gr\u00fcnen&nbsp;<a rel=\"noreferrer noopener\" href=\"https:\/\/stimme.minderheiten.at\/wordpress\/wp-content\/uploads\/sites\/3\/2019\/05\/stimme110web_23-26.pdf\" target=\"_blank\"><strong>Berivan Aslan<\/strong><\/a>&nbsp;\u00fcber die Hintergr\u00fcnde und Profiteur_innen der Doppelpass-Causa.<br><br>Vor vierzig Jahren fand im Iran die islamische Revolution statt, mit der die Mullahs an die Macht kamen. Ein Jahr sp\u00e4ter, 1980 kam Minoo Rahimi zum Studium nach Wien \u2013 und blieb.&nbsp;<a rel=\"noreferrer noopener\" href=\"https:\/\/stimme.minderheiten.at\/wordpress\/wp-content\/uploads\/sites\/3\/2019\/05\/stimme110web_32-33.pdf\" target=\"_blank\"><strong>Duygu \u00d6zkan<\/strong><\/a>&nbsp;stellt in &#8222;Kennengelernt&#8220; die Allgemein\u00e4rztin vor.<br>Die Musikethnologin&nbsp;<strong>Ursula Hemetek<\/strong>&nbsp;wurde 2018 mit dem Wittgenstein-Preis ausgezeichnet. Ein Portr\u00e4t in der Radio-Stimme-Nachlese von&nbsp;<a rel=\"noreferrer noopener\" href=\"https:\/\/stimme.minderheiten.at\/wordpress\/wp-content\/uploads\/sites\/3\/2019\/05\/stimme110web_28-29.pdf\" target=\"_blank\"><strong>Melanie Konrad<\/strong><\/a>.&nbsp;<br><br>Neue Kraft f\u00fcr neue Herausforderungen und anregende Lekt\u00fcre w\u00fcnscht<br><strong><br>Gamze Ongan<\/strong>, Chefredakteurin<\/p>\n\n\n\n<p><a href=\"https:\/\/stimme.minderheiten.at\/wordpress\/wp-content\/uploads\/sites\/3\/2019\/05\/stimme110web_06.pdf\" target=\"_blank\" rel=\"noreferrer noopener\"><strong>Stimmlage<\/strong><\/a>&nbsp;&#8211; von Hakan G\u00fcrses<\/p>\n\n\n\n<p><a href=\"https:\/\/stimme.minderheiten.at\/wordpress\/wp-content\/uploads\/sites\/3\/2019\/05\/stimme110web_27.pdf\" target=\"_blank\" rel=\"noreferrer noopener\"><strong>Groll&nbsp;<\/strong><\/a>&#8211; von Erwin Riess<\/p>\n\n\n\n<p><strong><a rel=\"noreferrer noopener\" href=\"https:\/\/stimme.minderheiten.at\/wordpress\/wp-content\/uploads\/sites\/3\/2019\/05\/stimme110web_30-31.pdf\" target=\"_blank\">Lekt\u00fcre<\/a><\/strong> &#8211; mit Buchbesprechungen von Rumeysa Tankir, Petra M. Springer und Andreas Holzer<\/p>\n\n\n\n<hr class=\"wp-block-separator\" \/>\n\n\n\n<p><strong><a href=\"http:\/\/stimme.minderheiten.at\/wordpress\/wp-content\/uploads\/sites\/3\/2019\/07\/stimme110_web.pdf\" target=\"_blank\" rel=\"noreferrer noopener\" aria-label=\"STIMME Nr. 110.pdf (\u00f6ffnet in neuem Tab)\">STIMME Nr. 110.pdf<\/a><\/strong><\/p>\n","protected":false},"excerpt":{"rendered":"<p>&#46;&#46;&#46;<\/p>\n","protected":false},"author":3,"featured_media":1715,"comment_status":"closed","ping_status":"closed","sticky":false,"template":"","format":"standard","meta":[],"categories":[6],"tags":[51,87],"distributor_meta":false,"distributor_terms":false,"distributor_media":false,"distributor_original_site_name":"Zeitschrift Stimme","distributor_original_site_url":"https:\/\/stimme.minderheiten.at\/wordpress","_links":{"self":[{"href":"https:\/\/stimme.minderheiten.at\/wordpress\/index.php\/wp-json\/wp\/v2\/posts\/1714"}],"collection":[{"href":"https:\/\/stimme.minderheiten.at\/wordpress\/index.php\/wp-json\/wp\/v2\/posts"}],"about":[{"href":"https:\/\/stimme.minderheiten.at\/wordpress\/index.php\/wp-json\/wp\/v2\/types\/post"}],"author":[{"embeddable":true,"href":"https:\/\/stimme.minderheiten.at\/wordpress\/index.php\/wp-json\/wp\/v2\/users\/3"}],"replies":[{"embeddable":true,"href":"https:\/\/stimme.minderheiten.at\/wordpress\/index.php\/wp-json\/wp\/v2\/comments?post=1714"}],"version-history":[{"count":13,"href":"https:\/\/stimme.minderheiten.at\/wordpress\/index.php\/wp-json\/wp\/v2\/posts\/1714\/revisions"}],"predecessor-version":[{"id":3058,"href":"https:\/\/stimme.minderheiten.at\/wordpress\/index.php\/wp-json\/wp\/v2\/posts\/1714\/revisions\/3058"}],"wp:featuredmedia":[{"embeddable":true,"href":"https:\/\/stimme.minderheiten.at\/wordpress\/index.php\/wp-json\/wp\/v2\/media\/1715"}],"wp:attachment":[{"href":"https:\/\/stimme.minderheiten.at\/wordpress\/index.php\/wp-json\/wp\/v2\/media?parent=1714"}],"wp:term":[{"taxonomy":"category","embeddable":true,"href":"https:\/\/stimme.minderheiten.at\/wordpress\/index.php\/wp-json\/wp\/v2\/categories?post=1714"},{"taxonomy":"post_tag","embeddable":true,"href":"https:\/\/stimme.minderheiten.at\/wordpress\/index.php\/wp-json\/wp\/v2\/tags?post=1714"}],"curies":[{"name":"wp","href":"https:\/\/api.w.org\/{rel}","templated":true}]}}