{"id":193,"date":"2010-01-27T14:52:54","date_gmt":"2010-01-27T13:52:54","guid":{"rendered":"http:\/\/neustimme.minderheiten.at\/wordpress\/?p=193"},"modified":"2020-12-07T20:39:16","modified_gmt":"2020-12-07T19:39:16","slug":"stimme-nr-73winter-2009","status":"publish","type":"post","link":"https:\/\/stimme.minderheiten.at\/wordpress\/index.php\/stimme\/2010\/193","title":{"rendered":"#73\/2009 VIEL GL\u00dcCK!"},"content":{"rendered":"\n<figure class=\"wp-block-image is-resized\"><img decoding=\"async\" loading=\"lazy\" src=\"https:\/\/stimme.minderheiten.at\/wordpress\/wp-content\/uploads\/sites\/3\/2019\/07\/stimme_73.sm_.jpg\" alt=\"\" class=\"wp-image-2525\" width=\"277\" height=\"383\" srcset=\"https:\/\/stimme.minderheiten.at\/wordpress\/wp-content\/uploads\/sites\/3\/2019\/07\/stimme_73.sm_.jpg 277w, https:\/\/stimme.minderheiten.at\/wordpress\/wp-content\/uploads\/sites\/3\/2019\/07\/stimme_73.sm_-217x300.jpg 217w\" sizes=\"(max-width: 277px) 100vw, 277px\" \/><\/figure>\n\n\n\n<p>Ausgehend von dem Ausstellungsprojekt \u201eGastarbajteri \u2013 40 Jahre Arbeitsmigration\u201c (Wien Museum, 2004) konzipierte die Initiative Minderheiten ein Nachfolgeprojekt, dem wir die vorliegende STIMME-Ausgabe widmen.<br>\u201eViel Gl\u00fcck!\u201c besch\u00e4ftigt sich mit den Migrationsbewegungen in Mittel- und S\u00fcdosteuropa in den vergangenen 20 Jahren anhand der Themen Regulierung\/Deregulierung, Arbeit und \u00d6konomie, Queer Migration und Transmigration. Das Projekt hat den Anspruch, der meist einseitigen Wissensproduktion \u00fcber Hintergr\u00fcnde, Dynamiken und Folgewirkungen der Migration mit einem Perspektivenwechsel zu begegnen. Das Wissen \u00fcber die neuen Migrationsbewegungen in der Region wird durch Rechercheteams in Zagreb, Belgrad, Istanbul und Wien erarbeitet. Die Ergebnisse des von der Erste Stiftung finanzierten Projekts werden im Herbst 2010 in Form einer Publikation, einer Timeline, einer Ausstellung \u00fcber die Musik von MigrantInnen in Wien und einer Kunstausstellung pr\u00e4sentiert.<br>In einem einleitenden Interview, das Alexander Pollak und Gerd Valchars mit den KuratorInnen des Projekts gef\u00fchrt haben, erfahren Sie mehr \u00fcber die Methoden und Ziele von \u201eViel Gl\u00fcck\u201c.<br>Ahmet I\u00e7duygu und Silva Me?nari\u0107, MigrationsforscherInnen aus Istanbul und Zagreb, geben in ihren Beitr\u00e4gen jeweils einen \u00dcberblick \u00fcber die Migrationsagenden in der T\u00fcrkei und in Kroatien im Lichte der EU-Beitrittsverhandlungen.<br>\u201eDer Schwede Gorbatschow\u201c ist das Portr\u00e4t eines R\u00fcckkehrers in Ostserbien, erstellt durch Horst Widmer. Auch im \u201eGoldenen Osten\u201c geht es um eine Art \u201eR\u00fcckkehrmigration\u201c, um die Auswanderung der jungen Deutsch-T\u00fcrkInnen in die T\u00fcrkei, das Herkunftsland der Gro\u00dfeltern.<br>Christian Kravagna, der im Rahmen des Projekts die Kunstausstellung kuratiert, geht in seinem Beitrag auf die schwierige Aufgabe der Kunst ein, der simplifizierenden Darstellung der Migration in vorherrschenden Diskursen durch Differenzierung und Verkomplizierung ihrer Bilder entgegenzutreten.<br>Einen ersten Einblick in das Teilprojekt &#8222;Timeline\u201c, das in Kooperation mit dem Juridicum, Statewatch sowie WissenschafterInnen aus den Partnerst\u00e4dten entsteht, vermittelt Ihnen das Mittelposter. Es thematisiert den Fl\u00fcchtlingsschutz in Europa, ausgehend von einer Demonstration gegen die \u00f6sterreichische Asylpolitik am Wiener Donaukanal 1995.<br>Die Themenfotos von Gernot Puck entstanden im Juni und August 2009 in Ostserbien.<br>An dieser Stelle noch einen herzlichen Dank an das Kuratorium des Projekts sowie an Aram Ghadimi und Jan Mossakowski f\u00fcr die redaktionelle Mitarbeit.<\/p>\n\n\n\n<p><strong>Gamze Ongan<\/strong>, Chefredakteurin<\/p>\n\n\n\n<hr class=\"wp-block-separator\" \/>\n\n\n\n<p><a rel=\"noopener noreferrer\" href=\"http:\/\/stimme.minderheiten.at\/wordpress\/wp-content\/uploads\/sites\/3\/2010\/01\/stimme73_final.pdf\" target=\"_blank\">STIMME Nr. 73.pdf <\/a><\/p>\n","protected":false},"excerpt":{"rendered":"<p>&#46;&#46;&#46;<\/p>\n","protected":false},"author":1,"featured_media":189,"comment_status":"closed","ping_status":"closed","sticky":false,"template":"","format":"standard","meta":[],"categories":[6],"tags":[61,137],"distributor_meta":false,"distributor_terms":false,"distributor_media":false,"distributor_original_site_name":"Zeitschrift Stimme","distributor_original_site_url":"https:\/\/stimme.minderheiten.at\/wordpress","_links":{"self":[{"href":"https:\/\/stimme.minderheiten.at\/wordpress\/index.php\/wp-json\/wp\/v2\/posts\/193"}],"collection":[{"href":"https:\/\/stimme.minderheiten.at\/wordpress\/index.php\/wp-json\/wp\/v2\/posts"}],"about":[{"href":"https:\/\/stimme.minderheiten.at\/wordpress\/index.php\/wp-json\/wp\/v2\/types\/post"}],"author":[{"embeddable":true,"href":"https:\/\/stimme.minderheiten.at\/wordpress\/index.php\/wp-json\/wp\/v2\/users\/1"}],"replies":[{"embeddable":true,"href":"https:\/\/stimme.minderheiten.at\/wordpress\/index.php\/wp-json\/wp\/v2\/comments?post=193"}],"version-history":[{"count":8,"href":"https:\/\/stimme.minderheiten.at\/wordpress\/index.php\/wp-json\/wp\/v2\/posts\/193\/revisions"}],"predecessor-version":[{"id":3408,"href":"https:\/\/stimme.minderheiten.at\/wordpress\/index.php\/wp-json\/wp\/v2\/posts\/193\/revisions\/3408"}],"wp:featuredmedia":[{"embeddable":true,"href":"https:\/\/stimme.minderheiten.at\/wordpress\/index.php\/wp-json\/wp\/v2\/media\/189"}],"wp:attachment":[{"href":"https:\/\/stimme.minderheiten.at\/wordpress\/index.php\/wp-json\/wp\/v2\/media?parent=193"}],"wp:term":[{"taxonomy":"category","embeddable":true,"href":"https:\/\/stimme.minderheiten.at\/wordpress\/index.php\/wp-json\/wp\/v2\/categories?post=193"},{"taxonomy":"post_tag","embeddable":true,"href":"https:\/\/stimme.minderheiten.at\/wordpress\/index.php\/wp-json\/wp\/v2\/tags?post=193"}],"curies":[{"name":"wp","href":"https:\/\/api.w.org\/{rel}","templated":true}]}}