{"id":214,"date":"2010-06-17T13:55:31","date_gmt":"2010-06-17T11:55:31","guid":{"rendered":"http:\/\/neustimme.minderheiten.at\/wordpress\/?p=214"},"modified":"2020-11-13T23:51:03","modified_gmt":"2020-11-13T22:51:03","slug":"stimme-nr-74frhjahr-2010","status":"publish","type":"post","link":"https:\/\/stimme.minderheiten.at\/wordpress\/index.php\/stimme\/2010\/214","title":{"rendered":"#74\/2010 Cinema"},"content":{"rendered":"\n<figure class=\"wp-block-image is-resized\"><img decoding=\"async\" loading=\"lazy\" src=\"http:\/\/stimme.minderheiten.at\/wordpress\/wp-content\/uploads\/sites\/3\/2019\/05\/stimmecover_74.jpg\" alt=\"\" class=\"wp-image-2145\" width=\"446\" height=\"632\" srcset=\"https:\/\/stimme.minderheiten.at\/wordpress\/wp-content\/uploads\/sites\/3\/2019\/05\/stimmecover_74.jpg 595w, https:\/\/stimme.minderheiten.at\/wordpress\/wp-content\/uploads\/sites\/3\/2019\/05\/stimmecover_74-212x300.jpg 212w, https:\/\/stimme.minderheiten.at\/wordpress\/wp-content\/uploads\/sites\/3\/2019\/05\/stimmecover_74-520x736.jpg 520w\" sizes=\"(max-width: 446px) 100vw, 446px\" \/><\/figure>\n\n\n\n<p>Die Themen-Beitr\u00e4ge des vorliegenden Stimme-Hefts besch\u00e4ftigen sich mit dem Filmschaffen von, mit und \u00fcber unterschiedliche minorisierte<br>Gruppen aus verschiedenen Blickwinkeln. Unseren Themenschwerpunkt leiten wir mit einem Beitrag von Elisabeth Streit, Tom Waibel und Peter Grabher ein. Anhand der filmischen Arbeit von Claire Denis diskutiert das Autorentrio die filmische Erfahrung als Gelegenheit, selber minorit\u00e4r zu werden.<br>In einer Bestandsaufnahme des (New) Queer Cinema seit den 1990er Jahren hebt Vina Yun die radikale Gesellschaftskritik als dessen Hauptmerkmal hervor. Im Interview mit Andreas G\u00f6rg berichtet die Regisseurin \u00dclk\u00fc Akbaba, wie ihr letzter Film Grenzg\u00e4ngerinnen durch Ausschluss zum \u201eMigranten\u201c gemacht wurde. Den Dokumentarfilm Gurbet von Kenan Kili\u00e7 bespricht Petja Dimitrova und w\u00fcrdigt ihn als einen bedeutenden Beitrag zur Historisierung der Migrationsgeschichte. 2009 entstand eine DVD in \u00d6sterreichischer Geb\u00e4rdensprache \u00fcber das<br>Leben geh\u00f6rloser \u00d6sterreicherInnen im Nationalsozialismus. Alexander Pollak sprach mit der Linguistin Verena Krausneker \u00fcber die Beweggr\u00fcnde f\u00fcr dieses Projekt. Erinnern Sie sich noch an Lieutenant Uhura &#8211; Chief Communication Officer in Raumschiff Enterprise? Verk\u00f6rpert wurde sie von Nichelle Nichols, dem ersten weiblichen, schwarzen Fernsehstar im US-Fernsehen. Ein Portr\u00e4t von STANDARD-Redakteur Peter Illetschko.<br>Ebony, die seit 1945 monatlich erscheinende Lifestyle-Zeitschrift f\u00fcr den afroamerikanischen Markt in den USA, widmete in der Ausgabe von J\u00e4nner 1967 die Titelgeschichte Nichelle Nichols: \u201eA New Star in the TV Heavens\u201c. Der K\u00fcnstlergruppe gangart verdanken wir die Idee und die zeichnerische Umsetzung und Transformation dieser Story f\u00fcr unsere Cinema-Ausgabe. Die Bildstrecke thematisiert nicht nur die Serie Startrek sowie Film allgemein, sondern vergegenw\u00e4rtigt in erster Linie die beiden Zeitschriften selbst in ihren jeweiligen Kontexten.<br><strong>Gamze Ongan<\/strong>, Chefredakteurin<\/p>\n\n\n\n<hr class=\"wp-block-separator\" \/>\n\n\n\n<p><strong><a href=\"http:\/\/stimme.minderheiten.at\/wordpress\/wp-content\/uploads\/sites\/3\/2019\/07\/stimme74.pdf\" target=\"_blank\" rel=\"noreferrer noopener\" aria-label=\"STIMME Nr. 74.pdf (\u00f6ffnet in neuem Tab)\">STIMME Nr. 74.pdf<\/a><\/strong><\/p>\n","protected":false},"excerpt":{"rendered":"<p>&#46;&#46;&#46;<\/p>\n","protected":false},"author":1,"featured_media":1213,"comment_status":"closed","ping_status":"closed","sticky":false,"template":"","format":"standard","meta":[],"categories":[6],"tags":[100,53],"distributor_meta":false,"distributor_terms":false,"distributor_media":false,"distributor_original_site_name":"Zeitschrift Stimme","distributor_original_site_url":"https:\/\/stimme.minderheiten.at\/wordpress","_links":{"self":[{"href":"https:\/\/stimme.minderheiten.at\/wordpress\/index.php\/wp-json\/wp\/v2\/posts\/214"}],"collection":[{"href":"https:\/\/stimme.minderheiten.at\/wordpress\/index.php\/wp-json\/wp\/v2\/posts"}],"about":[{"href":"https:\/\/stimme.minderheiten.at\/wordpress\/index.php\/wp-json\/wp\/v2\/types\/post"}],"author":[{"embeddable":true,"href":"https:\/\/stimme.minderheiten.at\/wordpress\/index.php\/wp-json\/wp\/v2\/users\/1"}],"replies":[{"embeddable":true,"href":"https:\/\/stimme.minderheiten.at\/wordpress\/index.php\/wp-json\/wp\/v2\/comments?post=214"}],"version-history":[{"count":6,"href":"https:\/\/stimme.minderheiten.at\/wordpress\/index.php\/wp-json\/wp\/v2\/posts\/214\/revisions"}],"predecessor-version":[{"id":3386,"href":"https:\/\/stimme.minderheiten.at\/wordpress\/index.php\/wp-json\/wp\/v2\/posts\/214\/revisions\/3386"}],"wp:featuredmedia":[{"embeddable":true,"href":"https:\/\/stimme.minderheiten.at\/wordpress\/index.php\/wp-json\/wp\/v2\/media\/1213"}],"wp:attachment":[{"href":"https:\/\/stimme.minderheiten.at\/wordpress\/index.php\/wp-json\/wp\/v2\/media?parent=214"}],"wp:term":[{"taxonomy":"category","embeddable":true,"href":"https:\/\/stimme.minderheiten.at\/wordpress\/index.php\/wp-json\/wp\/v2\/categories?post=214"},{"taxonomy":"post_tag","embeddable":true,"href":"https:\/\/stimme.minderheiten.at\/wordpress\/index.php\/wp-json\/wp\/v2\/tags?post=214"}],"curies":[{"name":"wp","href":"https:\/\/api.w.org\/{rel}","templated":true}]}}