{"id":2164,"date":"2019-06-19T12:24:35","date_gmt":"2019-06-19T10:24:35","guid":{"rendered":"http:\/\/stimme.minderheiten.at\/wordpress\/?p=2164"},"modified":"2020-11-12T16:55:27","modified_gmt":"2020-11-12T15:55:27","slug":"test","status":"publish","type":"post","link":"https:\/\/stimme.minderheiten.at\/wordpress\/index.php\/stimme\/2019\/2164","title":{"rendered":"#111\/2019 Staatsb\u00fcrgerschaft"},"content":{"rendered":"\n<figure class=\"wp-block-image is-resized\"><img decoding=\"async\" loading=\"lazy\" src=\"https:\/\/stimme.minderheiten.at\/wordpress\/wp-content\/uploads\/sites\/3\/2019\/07\/stimme111_cover-520x713.jpg\" alt=\"\" class=\"wp-image-2265\" width=\"390\" height=\"535\" srcset=\"https:\/\/stimme.minderheiten.at\/wordpress\/wp-content\/uploads\/sites\/3\/2019\/07\/stimme111_cover-520x713.jpg 520w, https:\/\/stimme.minderheiten.at\/wordpress\/wp-content\/uploads\/sites\/3\/2019\/07\/stimme111_cover-520x713-219x300.jpg 219w\" sizes=\"(max-width: 390px) 100vw, 390px\" \/><\/figure>\n\n\n\n<p>Seit\ngeraumer Zeit ver\u00f6ffentlichen t\u00fcrkische Zeitungen in den\nWochenendbeilagen L\u00e4nderlisten, welche t\u00fcrkischen\nStaatsb\u00fcrger*innen visumfreie Einreise erm\u00f6glichen. Es geht hierbei\num Freizeit und Urlaub, beschrieben werden Str\u00e4nde,\nSehensw\u00fcrdigkeiten und Kulinarik. Mit der fortschreitenden\nwirtschaftlichen Instabilit\u00e4t und Entdemokratisierung des Landes kam\nallerdings ein weiteres Ranking dazu: <em>Best\nof Golden Visa<\/em>.\nAkribisch werden die Voraussetzungen in verschiedenen L\u00e4ndern\naufgez\u00e4hlt, insbesondere die erforderliche H\u00f6he der\nInvestitionssumme. Die auf diesem Wege erworbene\nAufenthaltsgenehmigung soll nach einigen Jahren in Einb\u00fcrgerung\nm\u00fcnden. Derzeit f\u00fchrt Griechenland mit 250.000 \u20ac, gefolgt von\nPortugal (350.000 \u20ac) und Spanien (500.000 \u20ac). \n<\/p>\n\n\n\n<p>Staatsangeh\u00f6rigkeit ist kein freiwilliges Verh\u00e4ltnis, sie ist eher Schicksal, wird man doch in die Staatsb\u00fcrgerschaft hineingeboren. So kann man in einem diktatorisch oder demokratisch regierten, einem armen oder reichen Land auf die Welt kommen. Nicht minder als Geschlecht, ethnische Zugeh\u00f6rigkeit oder \u00f6konomischer Status entscheidet die Staatsb\u00fcrgerschaft dar\u00fcber, was einen Menschen an Wissen, Gl\u00fcck, Gesundheit, Erfolg oder an Leiden, Unsicherheit, Gewalt erwartet.<\/p>\n\n\n\n<p>Unser Schwerpunktheft zu Staatsb\u00fcrgerschaft handelt unter anderem von der <em>richtigen<\/em> wie der <em>falschen, <\/em>von der Doppelb\u00fcrgerschaft wie der Staatenlosigkeit.<\/p>\n\n\n\n<p>Theoretisch kann man auch eine neue Staatsangeh\u00f6rigkeit erwerben, ohne in dem Land in etwas investieren zu m\u00fcssen. Dies ist l\u00e4nderspezifisch in den einb\u00fcrgerungsrechtlichen Bestimmungen geregelt. Wir fragten uns, wie sich der \u00f6sterreichische Staat seine neuen B\u00fcrger*innen vorstellt. Die Juristin <strong><a href=\"http:\/\/stimme.minderheiten.at\/wordpress\/wp-content\/uploads\/sites\/3\/2019\/06\/st111_web_s08-10.pdf\" target=\"_blank\" rel=\"noreferrer noopener\" aria-label=\"Antonia Wagner  (\u00f6ffnet in neuem Tab)\">Antonia Wagner<\/a><\/strong><a href=\"http:\/\/stimme.minderheiten.at\/wordpress\/wp-content\/uploads\/sites\/3\/2019\/06\/st111_web_s08-10.pdf\" target=\"_blank\" rel=\"noreferrer noopener\" aria-label=\"Antonia Wagner  (\u00f6ffnet in neuem Tab)\"> <\/a>zeigt anhand der Einb\u00fcrgerungsvoraussetzungen auf: Reich, gebildet und moralisch einwandfrei sollst du sein!<\/p>\n\n\n\n<p>Der Politikwissenschaftler <strong><a href=\"http:\/\/stimme.minderheiten.at\/wordpress\/wp-content\/uploads\/sites\/3\/2019\/06\/st111_web_s11-12.pdf\" target=\"_blank\" rel=\"noreferrer noopener\" aria-label=\"Gerd Valchars (\u00f6ffnet in neuem Tab)\">Gerd Valchars<\/a><\/strong> nimmt die Sonderformen des Erwerbs und Verlusts der Staatsb\u00fcrgerschaft unter die Lupe: als Belohnung, als Bestrafung und wie erw\u00e4hnt als Ware.  <\/p>\n\n\n\n<p>Das Recht auf Staatsb\u00fcrgerschaft ist Teil der Allgemeinen Erkl\u00e4rung der Menschenrechte der Vereinten Nationen. Trotzdem sind gesch\u00e4tzte zehn Millionen Menschen weltweit und \u00fcber 16.000 Menschen in \u00d6sterreich staatenlos. Wie Staatenlosigkeit entsteht, welche Folgen sie hat und wie sie bek\u00e4mpft werden sollte, ist das Thema von <strong><a href=\"http:\/\/stimme.minderheiten.at\/wordpress\/wp-content\/uploads\/sites\/3\/2019\/06\/st111_web_s13-15.pdf\" target=\"_blank\" rel=\"noreferrer noopener\" aria-label=\"Haleh Chahrokh (\u00f6ffnet in neuem Tab)\">Haleh Chahrokh<\/a><\/strong>, Juristin in der Rechtsabteilung von UNCHR \u00d6sterreich und Mitautorin der UNHCR-Studie \u201eStaatenlosigkeit in \u00d6sterreich\u201c.   <\/p>\n\n\n\n<p>Die Beurteilung des \u00f6sterreichischen Einb\u00fcrgerungsrechts als besonders restriktiv zieht sich als roter Faden durch alle Beitr\u00e4ge. <strong><a href=\"http:\/\/stimme.minderheiten.at\/wordpress\/wp-content\/uploads\/sites\/3\/2019\/06\/st111_web_s16-19.pdf\" target=\"_blank\" rel=\"noreferrer noopener\" aria-label=\"Franjo Markovic (\u00f6ffnet in neuem Tab)\">Franjo Markovic<\/a><\/strong>, Jurist und Sozialversicherungsexperte der Arbeiterkammer Wien, widmet sich den Einb\u00fcrgerungsvoraussetzungen im europ\u00e4ischen Vergleich und ihren Auswirkungen auf die politische Mitbestimmung von Migrant*innen.<\/p>\n\n\n\n<p>Von Fr\u00fchjahr 2017 bis Ende 2018 wurde das Thema der \u2013 insbesondere \u00d6sterreicher*innen t\u00fcrkischer Herkunft zugeschriebenen \u2013 Doppelb\u00fcrgerschaft politisch wie medial ausgeschlachtet. Wir haben<a rel=\"noreferrer noopener\" aria-label=\" Joachim Blatter (\u00f6ffnet in neuem Tab)\" href=\"http:\/\/stimme.minderheiten.at\/wordpress\/wp-content\/uploads\/sites\/3\/2019\/06\/st111_web_s20-22.pdf\" target=\"_blank\"> <\/a><strong><a rel=\"noreferrer noopener\" aria-label=\" Joachim Blatter (\u00f6ffnet in neuem Tab)\" href=\"http:\/\/stimme.minderheiten.at\/wordpress\/wp-content\/uploads\/sites\/3\/2019\/06\/st111_web_s20-22.pdf\" target=\"_blank\">Joachim Blatter<\/a><\/strong>, Politikwissenschaftler an der Universit\u00e4t Luzern, und <strong><a href=\"http:\/\/stimme.minderheiten.at\/wordpress\/wp-content\/uploads\/sites\/3\/2019\/06\/st111_web_s20-22.pdf\" target=\"_blank\" rel=\"noreferrer noopener\" aria-label=\"Martina Sochin D\u00b4Elia (\u00f6ffnet in neuem Tab)\">Martina Sochin D\u00b4Elia<\/a><\/strong>, Historikerin am Liechtenstein-Institut, gebeten, von den Schweizer Erfahrungen mit der Doppelb\u00fcrgerschaft zu berichten.  <\/p>\n\n\n\n<p>Alle Staatsangeh\u00f6rigen der Mitgliedstaaten der Europ\u00e4ischen Union&nbsp;besitzen gleichzeitig die sogenannte Unionsb\u00fcrgerschaft und verf\u00fcgen somit EU-weit \u00fcber eine Reihe von Rechten. F\u00fcr <strong><a rel=\"noreferrer noopener\" aria-label=\"Dilek \u00c7\u0131nar (\u00f6ffnet in neuem Tab)\" href=\"http:\/\/stimme.minderheiten.at\/wordpress\/wp-content\/uploads\/sites\/3\/2019\/06\/st111_web_s23-25.pdf\" target=\"_blank\">Dilek \u00c7\u0131nar<\/a><\/strong>, Politikwissenschaftlerin an der Bo\u011fazi\u00e7i Universit\u00e4t in Istanbul, ist die Unionsb\u00fcrgerschaft in ihrer jetzigen Form nicht mehr als das Produkt eines engstirnigen Nationalismus der Mitgliedstaaten.<\/p>\n\n\n\n<p>Wie wirkt sich die eine oder andere Staatsb\u00fcrgerschaft auf den Alltag in \u00d6sterreich aus? Was macht sie mit dem Familienleben, der Mobilit\u00e4t oder Erwerbst\u00e4tigkeit? <strong><a href=\"http:\/\/stimme.minderheiten.at\/wordpress\/wp-content\/uploads\/sites\/3\/2019\/06\/st111_web_s26-27.pdf\" target=\"_blank\" rel=\"noreferrer noopener\" aria-label=\"Katharina Echsel (\u00f6ffnet in neuem Tab)\">Katharina Echsel<\/a><\/strong>, Juristin und Rechtsberaterin f\u00fcr Migrant*innen, gibt Antworten.  <\/p>\n\n\n\n<p>An dieser Stelle herzlichen Dank an Gerd Valchars, der mit seiner umfassenden Expertise zur Entstehung dieser Schwerpunktausgabe ma\u00dfgeblich beigetragen hat.  <\/p>\n\n\n\n<p>Als Kooperationspartner von juridikum zum h\u00f6ren, dem Audioformat der Zeitschrift <em>juridikum<\/em>, sendet Radio Stimme ausgew\u00e4hlte Beitr\u00e4ge. F\u00fcr die <em>Nachlese<\/em> verfasste die <em>juridikum<\/em>-Redakteurin <a rel=\"noreferrer noopener\" aria-label=\"Ines R\u00f6ssl  (\u00f6ffnet in neuem Tab)\" href=\"http:\/\/stimme.minderheiten.at\/wordpress\/wp-content\/uploads\/sites\/3\/2019\/06\/st111_web_s28-29.pdf\" target=\"_blank\">Ines R\u00f6ssl <\/a>ein Radiogespr\u00e4ch mit dem Umweltjuristen Gregor Schamschula \u00fcber die rechtlichen Entwicklungen bei genehmigungsverfahren von Wasserkraftwerken.  <\/p>\n\n\n\n<p>juridikum \u2013 zeitschrift f\u00fcr kritik, recht, gesellschaft feiert \u00fcbrigens 2019 ihr 30-j\u00e4hriges Jubil\u00e4um. Wir gratulieren!<\/p>\n\n\n\n<p>Lucia Schlund aus Ko\u0161ice\/Slowakei forscht in Wien \u00fcber die Zukunft der Arbeit. Vorgestellt in <em>Kennengelernt<\/em> von <strong><a rel=\"noreferrer noopener\" aria-label=\"Duygu \u00d6zkan (\u00f6ffnet in neuem Tab)\" href=\"http:\/\/stimme.minderheiten.at\/wordpress\/wp-content\/uploads\/sites\/3\/2019\/06\/st111_web_s32-33.pdf\" target=\"_blank\">Duygu \u00d6zkan<\/a><\/strong>.<\/p>\n\n\n\n<p>Von Jan B\u00f6hmermann, Viktor Orb\u00e1n und der Freundschaft eines nunmehr Ex-FP\u00d6-Ministers zum Waffenproduzenten Glock handelt die Kolumne <em>Groll<\/em>. <strong><a href=\"http:\/\/stimme.minderheiten.at\/wordpress\/wp-content\/uploads\/sites\/3\/2019\/06\/st111_web_s35.pdf\" target=\"_blank\" rel=\"noreferrer noopener\" aria-label=\"Erwin Riess (\u00f6ffnet in neuem Tab)\">Erwin Riess<\/a><\/strong> muss das aktuelle Politbeben in \u00d6sterreich vorgeahnt haben.  <\/p>\n\n\n\n<p>Der Sommer\nwird hei\u00df, der Herbst noch hei\u00dfer, erholen Sie sich gut!<\/p>\n\n\n\n<p><strong>Gamze Ongan<\/strong>, Chefredakteurin<\/p>\n\n\n\n<hr class=\"wp-block-separator\" \/>\n\n\n\n<p>Weitere Beitr\u00e4ge dieser Nummer:<br>Stimmlage \u2013 von <a rel=\"noreferrer noopener\" aria-label=\"Hakan G\u00fcrses (\u00f6ffnet in neuem Tab)\" href=\"http:\/\/stimme.minderheiten.at\/wordpress\/wp-content\/uploads\/sites\/3\/2019\/06\/st111_web_s06.pdf\" target=\"_blank\">Hakan G\u00fcrses<\/a><br>Buchbesprechungen \u2013 von <a href=\"http:\/\/stimme.minderheiten.at\/wordpress\/wp-content\/uploads\/sites\/3\/2019\/06\/st111_web_s30-31.pdf\" target=\"_blank\" rel=\"noreferrer noopener\" aria-label=\"Jessica Beer &amp; Nima Obaro (\u00f6ffnet in neuem Tab)\">Jessica Beer &amp; Nima Obaro<\/a><\/p>\n\n\n\n<hr class=\"wp-block-separator\" \/>\n\n\n\n<p><a href=\"http:\/\/stimme.minderheiten.at\/wordpress\/wp-content\/uploads\/sites\/3\/2019\/10\/stimme111_web.pdf\" target=\"_blank\" rel=\"noreferrer noopener\" aria-label=\"Stimme Nr. 111.pdf (\u00f6ffnet in neuem Tab)\">Stimme Nr. 111.pdf<\/a><\/p>\n","protected":false},"excerpt":{"rendered":"<p>&#46;&#46;&#46;<\/p>\n","protected":false},"author":4,"featured_media":2265,"comment_status":"closed","ping_status":"closed","sticky":false,"template":"","format":"standard","meta":[],"categories":[6],"tags":[86],"distributor_meta":false,"distributor_terms":false,"distributor_media":false,"distributor_original_site_name":"Zeitschrift Stimme","distributor_original_site_url":"https:\/\/stimme.minderheiten.at\/wordpress","_links":{"self":[{"href":"https:\/\/stimme.minderheiten.at\/wordpress\/index.php\/wp-json\/wp\/v2\/posts\/2164"}],"collection":[{"href":"https:\/\/stimme.minderheiten.at\/wordpress\/index.php\/wp-json\/wp\/v2\/posts"}],"about":[{"href":"https:\/\/stimme.minderheiten.at\/wordpress\/index.php\/wp-json\/wp\/v2\/types\/post"}],"author":[{"embeddable":true,"href":"https:\/\/stimme.minderheiten.at\/wordpress\/index.php\/wp-json\/wp\/v2\/users\/4"}],"replies":[{"embeddable":true,"href":"https:\/\/stimme.minderheiten.at\/wordpress\/index.php\/wp-json\/wp\/v2\/comments?post=2164"}],"version-history":[{"count":41,"href":"https:\/\/stimme.minderheiten.at\/wordpress\/index.php\/wp-json\/wp\/v2\/posts\/2164\/revisions"}],"predecessor-version":[{"id":3348,"href":"https:\/\/stimme.minderheiten.at\/wordpress\/index.php\/wp-json\/wp\/v2\/posts\/2164\/revisions\/3348"}],"wp:featuredmedia":[{"embeddable":true,"href":"https:\/\/stimme.minderheiten.at\/wordpress\/index.php\/wp-json\/wp\/v2\/media\/2265"}],"wp:attachment":[{"href":"https:\/\/stimme.minderheiten.at\/wordpress\/index.php\/wp-json\/wp\/v2\/media?parent=2164"}],"wp:term":[{"taxonomy":"category","embeddable":true,"href":"https:\/\/stimme.minderheiten.at\/wordpress\/index.php\/wp-json\/wp\/v2\/categories?post=2164"},{"taxonomy":"post_tag","embeddable":true,"href":"https:\/\/stimme.minderheiten.at\/wordpress\/index.php\/wp-json\/wp\/v2\/tags?post=2164"}],"curies":[{"name":"wp","href":"https:\/\/api.w.org\/{rel}","templated":true}]}}