{"id":3610,"date":"2021-06-14T15:14:49","date_gmt":"2021-06-14T13:14:49","guid":{"rendered":"http:\/\/stimme.minderheiten.at\/wordpress\/?p=3610"},"modified":"2021-12-20T18:09:10","modified_gmt":"2021-12-20T17:09:10","slug":"stimme-119-2021-angriff-auf-links","status":"publish","type":"post","link":"https:\/\/stimme.minderheiten.at\/wordpress\/index.php\/stimme\/2021\/3610","title":{"rendered":"#119\/2021 Angriff auf links &#8211; Konturen sch\u00e4rfen, weitermachen"},"content":{"rendered":"\n<figure class=\"wp-block-image is-resized\"><img decoding=\"async\" loading=\"lazy\" src=\"https:\/\/stimme.minderheiten.at\/wordpress\/wp-content\/uploads\/sites\/3\/2021\/06\/Stimme_119_Cover-754x1024.jpg\" alt=\"\" class=\"wp-image-3611\" width=\"566\" height=\"768\" srcset=\"https:\/\/stimme.minderheiten.at\/wordpress\/wp-content\/uploads\/sites\/3\/2021\/06\/Stimme_119_Cover-754x1024.jpg 754w, https:\/\/stimme.minderheiten.at\/wordpress\/wp-content\/uploads\/sites\/3\/2021\/06\/Stimme_119_Cover-221x300.jpg 221w, https:\/\/stimme.minderheiten.at\/wordpress\/wp-content\/uploads\/sites\/3\/2021\/06\/Stimme_119_Cover-768x1043.jpg 768w, https:\/\/stimme.minderheiten.at\/wordpress\/wp-content\/uploads\/sites\/3\/2021\/06\/Stimme_119_Cover-520x706.jpg 520w, https:\/\/stimme.minderheiten.at\/wordpress\/wp-content\/uploads\/sites\/3\/2021\/06\/Stimme_119_Cover.jpg 1200w\" sizes=\"(max-width: 566px) 100vw, 566px\" \/><\/figure>\n\n\n\n<p>\u201eIm Unterschied zum Rechtsextremismus teilen sozialistische und kommunistische Bewegungen die liberalen Ideen von Freiheit, Gleichheit, Br\u00fcderlichkeit.\u201c Eine Formulierung, ein Skandal. Die Emp\u00f6rung auf Twitter, die deutsche Bundeszentrale f\u00fcr politische Bildung (bpb) w\u00fcrde mit dieser Formulierung in einem Online-Dossier linksmotivierten Extremismus bagatellisieren, \u00fcbersprang schnell auf rechte Online-Publikationen und die <em>Bild<\/em>-Zeitung \u00fcber. Letztere titelte am 12. J\u00e4nner 2021: \u201eVerharmlosung des Kommunismus: Sind Linke die besseren Extremisten?\u201c Die Bundeszentrale f\u00fcr politische Bildung musste kurz darauf die Formulierung, die bereits ein Jahrzehnt im Netz stand, \u00e4ndern. Wie sp\u00e4ter, im M\u00e4rz 2021, bekannt wurde, hatte das Innenministerium der Institution diktiert, was unter Linksextremismus zu verstehen sei.<\/p>\n\n\n\n<p>\nWir kennen es: Sobald\nrechte Gewalt eskaliert, muss es schnappatmend auch um links gehen\n\u2013&nbsp;entsprechend dem sogenannten Hufeisenschema, nach dem\npolitische Kr\u00e4fte sich lediglich dadurch unterscheiden, ob sie den\nStaat und seine Ordnung akzeptieren und unterst\u00fctzen oder ablehnen\nbis bek\u00e4mpfen. In diesem Modell sind Links- und Rechtsextremismus\neinander viel n\u00e4her als jeweils der \u201egem\u00e4\u00dfigten\u201c Mitte. Was\ndiese Theorie aber nicht ber\u00fccksichtigt: Die Ziele von links und\nrechts, ihr Menschenbild und ihr Weltbild unterscheiden sich radikal.\nAuch wird die Unterscheidung von totalit\u00e4ren oder anarchistischen\nKr\u00e4ften ausgespart. \n<\/p>\n\n\n\n<p>\nDiese Ausgabe befasst\nsich damit, wie die Linke von Konservativen und der \u201ebraven\u201c\nMitte unter Beschuss genommen wird, aber auch mit der Notwendigkeit\nihrer Neuorientierung.<\/p>\n\n\n\n<p>Angesichts \u201elinksdrehender Attit\u00fcden\u201c der Rechten und fehlender Distanz der Linken \u2013 etwa zum Antisemitismus \u2013 f\u00e4llt es nicht immer einfach, die Linke zu verorten.  <strong><a href=\"http:\/\/stimme.minderheiten.at\/wordpress\/wp-content\/uploads\/sites\/3\/2021\/06\/Stimme_119_web_s_08-11.pdf\" target=\"_blank\" rel=\"noreferrer noopener\" aria-label=\"Hakan G\u00fcrses (opens in a new tab)\">Hakan G\u00fcrses<\/a><\/strong> analysiert einleitend drei Quellen, aus denen sich die Linke speist.<\/p>\n\n\n\n<p><strong><a rel=\"noreferrer noopener\" aria-label=\"Leah Carola Czollek und Gudrun Perko (opens in a new tab)\" href=\"http:\/\/stimme.minderheiten.at\/wordpress\/wp-content\/uploads\/sites\/3\/2021\/06\/Stimme_119_web_s_12-15.pdf\" target=\"_blank\">Leah Carola Czollek<\/a><\/strong> und <strong><a rel=\"noreferrer noopener\" aria-label=\"Leah Carola Czollek und Gudrun Perko (opens in a new tab)\" href=\"http:\/\/stimme.minderheiten.at\/wordpress\/wp-content\/uploads\/sites\/3\/2021\/06\/Stimme_119_web_s_12-15.pdf\" target=\"_blank\">Gudrun Perko<\/a><\/strong> vom Institut \u201eSocial Justice &amp; Radical Diversity\u201c zeigen auf und problematisieren die Stigmatisierung der linken Kr\u00e4fte durch die Mitte anhand von aktuellen Beispielen aus Hochschulen, Wirtschaft und sozialer Arbeit.<\/p>\n\n\n\n<p> Appelle an Genderpluralit\u00e4t werden seitens der Rechten und ebenso der konservativen Mitte als \u201egenderideologisch\u201c, sprich \u201elinksideologisch\u201c, diffamiert. Die Politikwissenschaftlerin <strong><a href=\"http:\/\/stimme.minderheiten.at\/wordpress\/wp-content\/uploads\/sites\/3\/2021\/06\/Stimme_119_web_s_18-19.pdf\" target=\"_blank\" rel=\"noreferrer noopener\" aria-label=\"Stefanie Mayer (opens in a new tab)\">Stefanie Mayer<\/a><\/strong> widmet sich in ihrem Beitrag Feminismen, Gleichstellung und liberalen Sexualpolitiken als neuem Feindbild der Rechten.<\/p>\n\n\n\n<p><a href=\"http:\/\/stimme.minderheiten.at\/wordpress\/wp-content\/uploads\/sites\/3\/2021\/06\/Stimme_119_web_s_16-17.pdf\" target=\"_blank\" rel=\"noreferrer noopener\" aria-label=\" Julia Sch\u00f6nherr (opens in a new tab)\"> <\/a><strong><a href=\"http:\/\/stimme.minderheiten.at\/wordpress\/wp-content\/uploads\/sites\/3\/2021\/06\/Stimme_119_web_s_16-17.pdf\" target=\"_blank\" rel=\"noreferrer noopener\" aria-label=\" Julia Sch\u00f6nherr (opens in a new tab)\">Julia Sch\u00f6nherr<\/a><\/strong> fragte den Politikwissenschaftler <strong>Benjamin Opratko<\/strong> von der Universit\u00e4t Wien, wie sich das Verst\u00e4ndnis von links historisch gewandelt hat, warum sich linke Wahlb\u00fcndnisse schwertun, Fu\u00df zu fassen und ob links automatisch antirassistisch ist.  <\/p>\n\n\n\n<p>An dieser Stelle einen herzlichen Dank an <strong>Leah Carola Czollek<\/strong> und <strong>Gudrun Perko<\/strong> sowie an <strong>Hakan G\u00fcrses<\/strong> f\u00fcr die Idee und Konzeption dieser Ausgabe.<\/p>\n\n\n\n<p> \u201eFrauen, die behindert werden\u201c ist der Titel einer im Auftrag des Frauenservice Wien durchgef\u00fchrten qualitativen Studie mit und \u00fcber Frauen mit Behinderungen in Wien. Wir haben die Studienautorinnen <strong><a rel=\"noreferrer noopener\" aria-label=\"Claudia Sorger und Nadja Bergmann (opens in a new tab)\" href=\"http:\/\/stimme.minderheiten.at\/wordpress\/wp-content\/uploads\/sites\/3\/2021\/06\/Stimme_119_web_s_21-23.pdf\" target=\"_blank\">Claudia Sorger<\/a><\/strong> und <strong><a rel=\"noreferrer noopener\" aria-label=\"Claudia Sorger und Nadja Bergmann (opens in a new tab)\" href=\"http:\/\/stimme.minderheiten.at\/wordpress\/wp-content\/uploads\/sites\/3\/2021\/06\/Stimme_119_web_s_21-23.pdf\" target=\"_blank\">Nadja Bergmann<\/a><\/strong> von der L&amp;R Sozialforschung gebeten, die wichtigsten Ergebnisse zusammenzufassen.&nbsp;<\/p>\n\n\n\n<p><a href=\"http:\/\/stimme.minderheiten.at\/wordpress\/wp-content\/uploads\/sites\/3\/2021\/06\/Stimme_119_web_s_24-27.pdf\" target=\"_blank\" rel=\"noreferrer noopener\" aria-label=\" Cornelia Kogoj (opens in a new tab)\"> <\/a><strong><a href=\"http:\/\/stimme.minderheiten.at\/wordpress\/wp-content\/uploads\/sites\/3\/2021\/06\/Stimme_119_web_s_24-27.pdf\" target=\"_blank\" rel=\"noreferrer noopener\" aria-label=\" Cornelia Kogoj (opens in a new tab)\">Cornelia Kogoj<\/a> <\/strong>bringt in der zweiten Folge des Stimme-Talks zum Jubil\u00e4um \u201eJunger Aktivismus und minorit\u00e4re Allianzen\u201c <strong>Noomi Anyanwu<\/strong> vom \u201eBlack Voices Anti-Rassismus-Volksbegehren\u201c und <strong>Samuel Mago<\/strong> von \u201eH\u00d6R \u2013 Hochsch\u00fcler*innenschaft \u00d6sterreichischer Roma und Romnja\u201c an einen Tisch.<\/p>\n\n\n\n<p> <strong><a rel=\"noreferrer noopener\" aria-label=\"Unser 30. Geburtstag (opens in a new tab)\" href=\"http:\/\/stimme.minderheiten.at\/wordpress\/wp-content\/uploads\/sites\/3\/2021\/06\/Stimme_119_web_s_28-29.pdf\" target=\"_blank\">Unser 30. Geburtstag<\/a><\/strong> war auch Anlass daf\u00fcr, mit <a href=\"http:\/\/stimme.minderheiten.at\/wordpress\/wp-content\/uploads\/sites\/3\/2021\/06\/Stimme_119_web_s_28-29.pdf\" target=\"_blank\" rel=\"noreferrer noopener\" aria-label=\"Wegbegleiter:innen (opens in a new tab)\">Wegbegleiter:innen<\/a> der Initiative Minderheiten kleine Interviews zu f\u00fchren. Vor allem wollten wir wissen, was f\u00fcr Menschen, die seit Jahrzehnten (minderheiten)politisch aktiv sind, die gr\u00f6\u00dften Errungenschaften der vergangenen Jahre darstellen und was sie heute am meisten besch\u00e4ftigt \u2013 sprich: Was ist noch zu tun? Die Langversionen der Interviews finden Sie auf <a href=\"http:\/\/www.imblog.at\">www.imblog.at<\/a>. <\/p>\n\n\n\n<p>\nDurchatmen und neue\nFreude am Sommer w\u00fcnscht \n<\/p>\n\n\n\n<p> <strong>Gamze Ongan<\/strong>, Chefredakteurin<\/p>\n\n\n\n<hr class=\"wp-block-separator\" \/>\n\n\n\n<p>Stimmlage: Angst in der Pandemie \u2013 von <a href=\"http:\/\/stimme.minderheiten.at\/wordpress\/wp-content\/uploads\/sites\/3\/2021\/06\/Stimme_119_web_s_06.pdf\" target=\"_blank\" rel=\"noreferrer noopener\" aria-label=\"Hakan G\u00fcrses (opens in a new tab)\">Hakan G\u00fcrses<\/a><\/p>\n\n\n\n<p>Groll: Herr Groll wartet auf die Ever-Given-Endfassung \u2013 von <a rel=\"noreferrer noopener\" aria-label=\"Erwin Riess (opens in a new tab)\" href=\"http:\/\/stimme.minderheiten.at\/wordpress\/wp-content\/uploads\/sites\/3\/2021\/06\/Stimme_119_web_s_20.pdf\" target=\"_blank\">Erwin Riess<\/a><\/p>\n\n\n\n<p>Nachlese: Queer(ing) Video Games &#8211; von <a rel=\"noreferrer noopener\" aria-label=\"Nico Reiter &amp; Melanie Konrad (opens in a new tab)\" href=\"http:\/\/stimme.minderheiten.at\/wordpress\/wp-content\/uploads\/sites\/3\/2021\/06\/Stimme_119_web_s_30-31.pdf\" target=\"_blank\">Nico Reiter<\/a> und &amp; <a rel=\"noreferrer noopener\" aria-label=\"Nico Reiter &amp; Melanie Konrad (opens in a new tab)\" href=\"http:\/\/stimme.minderheiten.at\/wordpress\/wp-content\/uploads\/sites\/3\/2021\/06\/Stimme_119_web_s_30-31.pdf\" target=\"_blank\">Melanie Konrad<\/a><\/p>\n\n\n\n<p>Lekt\u00fcre: Schulsozialarbeit und Antisemitismus  \u2013 von <a rel=\"noreferrer noopener\" aria-label=\"Hakan G\u00fcrses (opens in a new tab)\" href=\"http:\/\/stimme.minderheiten.at\/wordpress\/wp-content\/uploads\/sites\/3\/2021\/06\/Stimme_119_web_s_32-33.pdf\" target=\"_blank\">Hakan G\u00fcrses<\/a>, Gemeint sind wir alle &#8211; von <a rel=\"noreferrer noopener\" aria-label=\"Hakan G\u00fcrses (opens in a new tab)\" href=\"http:\/\/stimme.minderheiten.at\/wordpress\/wp-content\/uploads\/sites\/3\/2021\/06\/Stimme_119_web_s_32-33.pdf\" target=\"_blank\">Jessica Beer<\/a>, Diskriminierung &#8211; Ann\u00e4herung an einen schillernden und umstrittenen Begriff &#8211;  von <a href=\"http:\/\/stimme.minderheiten.at\/wordpress\/wp-content\/uploads\/sites\/3\/2021\/06\/Stimme_119_web_s_32-33.pdf\" target=\"_blank\" rel=\"noreferrer noopener\" aria-label=\"Volker Frey (opens in a new tab)\">Volker Frey<\/a><\/p>\n\n\n\n<hr class=\"wp-block-separator\" \/>\n\n\n\n<p><a href=\"http:\/\/stimme.minderheiten.at\/wordpress\/wp-content\/uploads\/sites\/3\/2021\/12\/Stimme_119_web_gesamt_eS.pdf\" target=\"_blank\" rel=\"noreferrer noopener\" aria-label=\"Stimme Nr. 119.pdf (opens in a new tab)\">Stimme Nr. 119.pdf<\/a><\/p>\n\n\n\n<hr class=\"wp-block-separator\" \/>\n\n\n\n<p>Folgen Sie uns auf <strong><a href=\"http:\/\/instagram.com\/initiative_minderheiten\" target=\"_blank\" rel=\"noreferrer noopener\" aria-label=\"Instagram (opens in a new tab)\">Instagram<\/a><\/strong>: Wir pr\u00e4sentieren die<strong> Menschen <\/strong>hinter <strong>30 Jahre Initiative Minderheiten<\/strong> und geben Einblicke ins Archiv.  <\/p>\n\n\n\n<hr class=\"wp-block-separator\" \/>\n\n\n\n<p>Grafik:  Fatih Aydo\u011fdu     <\/p>\n\n\n\n<hr class=\"wp-block-separator\" \/>\n\n\n\n<p>Jahresabo: \u20ac 20,- \/\/ Zwei-Jahresabo: \u20ac 38,-<br>Abo International: \u20ac 30,- \/\/ Zwei-Jahresabo International: \u20ac 58,-<br>(F\u00fcr Vereinsmitglieder kostenlos, Mitgliedschaft j\u00e4hrlich \u20ac 25,-)<\/p>\n\n\n\n<p>Aboservice: Fr. Ebru Uzun: <a rel=\"noreferrer noopener\" href=\"mailto:abo@initiative.minderheiten.at\" target=\"_blank\">abo(at)initiative.minderheiten.at<\/a><\/p>\n\n\n\n<hr class=\"wp-block-separator\" \/>\n\n\n\n<figure class=\"wp-block-image is-resized\"><img decoding=\"async\" loading=\"lazy\" src=\"http:\/\/stimme.minderheiten.at\/wordpress\/wp-content\/uploads\/sites\/3\/2021\/03\/30jahrestimme.jpg\" alt=\"\" class=\"wp-image-3561\" width=\"240\" height=\"146\" srcset=\"https:\/\/stimme.minderheiten.at\/wordpress\/wp-content\/uploads\/sites\/3\/2021\/03\/30jahrestimme.jpg 960w, https:\/\/stimme.minderheiten.at\/wordpress\/wp-content\/uploads\/sites\/3\/2021\/03\/30jahrestimme-300x182.jpg 300w, https:\/\/stimme.minderheiten.at\/wordpress\/wp-content\/uploads\/sites\/3\/2021\/03\/30jahrestimme-768x466.jpg 768w, https:\/\/stimme.minderheiten.at\/wordpress\/wp-content\/uploads\/sites\/3\/2021\/03\/30jahrestimme-520x316.jpg 520w\" sizes=\"(max-width: 240px) 100vw, 240px\" \/><figcaption> Logo:  Fatih Aydo\u011fdu     <\/figcaption><\/figure>\n","protected":false},"excerpt":{"rendered":"<p>&#46;&#46;&#46;<\/p>\n","protected":false},"author":4,"featured_media":3611,"comment_status":"closed","ping_status":"closed","sticky":false,"template":"","format":"standard","meta":[],"categories":[6,14],"tags":[85],"distributor_meta":false,"distributor_terms":false,"distributor_media":false,"distributor_original_site_name":"Zeitschrift Stimme","distributor_original_site_url":"https:\/\/stimme.minderheiten.at\/wordpress","_links":{"self":[{"href":"https:\/\/stimme.minderheiten.at\/wordpress\/index.php\/wp-json\/wp\/v2\/posts\/3610"}],"collection":[{"href":"https:\/\/stimme.minderheiten.at\/wordpress\/index.php\/wp-json\/wp\/v2\/posts"}],"about":[{"href":"https:\/\/stimme.minderheiten.at\/wordpress\/index.php\/wp-json\/wp\/v2\/types\/post"}],"author":[{"embeddable":true,"href":"https:\/\/stimme.minderheiten.at\/wordpress\/index.php\/wp-json\/wp\/v2\/users\/4"}],"replies":[{"embeddable":true,"href":"https:\/\/stimme.minderheiten.at\/wordpress\/index.php\/wp-json\/wp\/v2\/comments?post=3610"}],"version-history":[{"count":29,"href":"https:\/\/stimme.minderheiten.at\/wordpress\/index.php\/wp-json\/wp\/v2\/posts\/3610\/revisions"}],"predecessor-version":[{"id":3718,"href":"https:\/\/stimme.minderheiten.at\/wordpress\/index.php\/wp-json\/wp\/v2\/posts\/3610\/revisions\/3718"}],"wp:featuredmedia":[{"embeddable":true,"href":"https:\/\/stimme.minderheiten.at\/wordpress\/index.php\/wp-json\/wp\/v2\/media\/3611"}],"wp:attachment":[{"href":"https:\/\/stimme.minderheiten.at\/wordpress\/index.php\/wp-json\/wp\/v2\/media?parent=3610"}],"wp:term":[{"taxonomy":"category","embeddable":true,"href":"https:\/\/stimme.minderheiten.at\/wordpress\/index.php\/wp-json\/wp\/v2\/categories?post=3610"},{"taxonomy":"post_tag","embeddable":true,"href":"https:\/\/stimme.minderheiten.at\/wordpress\/index.php\/wp-json\/wp\/v2\/tags?post=3610"}],"curies":[{"name":"wp","href":"https:\/\/api.w.org\/{rel}","templated":true}]}}