{"id":3654,"date":"2021-10-14T17:51:28","date_gmt":"2021-10-14T15:51:28","guid":{"rendered":"http:\/\/stimme.minderheiten.at\/wordpress\/?p=3654"},"modified":"2021-12-20T18:12:22","modified_gmt":"2021-12-20T17:12:22","slug":"stimme-120-2021-in-einer-welt-der-ungleichheiten-kaempferinnen-in-allianz-fuer-gerechtigkeit-und-menschenrechte","status":"publish","type":"post","link":"https:\/\/stimme.minderheiten.at\/wordpress\/index.php\/stimme\/stimme-hefte\/2021\/3654","title":{"rendered":"#120\/2021 In einer Welt der Ungleichheiten: K\u00c4MPFER:INNEN in Allianz f\u00fcr Gerechtigkeit und Menschenrechte"},"content":{"rendered":"\n<figure class=\"wp-block-image is-resized\"><img decoding=\"async\" loading=\"lazy\" src=\"http:\/\/stimme.minderheiten.at\/wordpress\/wp-content\/uploads\/sites\/3\/2021\/10\/Stimme_120_cover_rgb_web-726x1024.jpg\" alt=\"\" class=\"wp-image-3653\" width=\"545\" height=\"768\" srcset=\"https:\/\/stimme.minderheiten.at\/wordpress\/wp-content\/uploads\/sites\/3\/2021\/10\/Stimme_120_cover_rgb_web-726x1024.jpg 726w, https:\/\/stimme.minderheiten.at\/wordpress\/wp-content\/uploads\/sites\/3\/2021\/10\/Stimme_120_cover_rgb_web-213x300.jpg 213w, https:\/\/stimme.minderheiten.at\/wordpress\/wp-content\/uploads\/sites\/3\/2021\/10\/Stimme_120_cover_rgb_web-768x1083.jpg 768w, https:\/\/stimme.minderheiten.at\/wordpress\/wp-content\/uploads\/sites\/3\/2021\/10\/Stimme_120_cover_rgb_web-520x733.jpg 520w, https:\/\/stimme.minderheiten.at\/wordpress\/wp-content\/uploads\/sites\/3\/2021\/10\/Stimme_120_cover_rgb_web.jpg 1188w\" sizes=\"(max-width: 545px) 100vw, 545px\" \/><\/figure>\n\n\n\n<p>Gegr\u00fcndet vor\ndrei Jahrzehnten, um ein \u201eJahr der Minderheiten\u201c auszurufen,\nverdichtete sich das Selbstverst\u00e4ndnis und das Ziel der <strong>Initiative\nMinderheiten<\/strong> immer mehr um den\nBegriff \u201eminorit\u00e4re Allianzen\u201c. Dieses Leitmotiv spiegelt sich\nbis heute nicht nur in Projekten, sondern auch in der\nZusammenstellung des Vorstandes, der Mitarbeiter:innen sowie der\nKooperationspartner:innen wider. \n<\/p>\n\n\n\n<p>Wer sind diese\nMenschen im Umfeld der Initiative Minderheiten, die sich seit\nJahrzehnten unerm\u00fcdlich, kreativ und wegweisend f\u00fcr\nMinderheitenrechte in \u00d6sterreich und f\u00fcr plurale Demokratie\neinsetzen? Wir nennen sie K\u00e4mpfer:innen und widmen ihnen dieses\nStimme-Heft \u2013 ganz im Sinne unserer Jubil\u00e4umsausstellung: \u201eWas\nwir fordern! Minderheitenbewegungen in \u00d6sterreich\u201c, zu sehen bis\nzum 16. Dezember 2021 in der Stadtbibliothek Innsbruck.<\/p>\n\n\n\n<p>Romana Beer (freie\nJournalistin), Claudia Unterweger (ORF-Journalistin &amp;\nModeratorin) und Vida Bakondy (Historikerin) haben f\u00fcr diese Stimme\nmit drei Frauen und vier M\u00e4nnern lange Gespr\u00e4che gef\u00fchrt, um\ndarzustellen, welche Geschichten hinter ihrem politischen Engagement\nstehen und was sie immer wieder antreibt. \n<\/p>\n\n\n\n<p><strong><a rel=\"noreferrer noopener\" aria-label=\"Peter Schwarz (opens in a new tab)\" href=\"http:\/\/stimme.minderheiten.at\/wordpress\/wp-content\/uploads\/sites\/3\/2021\/11\/Stimme_120_talk_s08-09.pdf\" target=\"_blank\">Peter Schwarz<\/a>, <a rel=\"noreferrer noopener\" aria-label=\"Waltraud Riegler (opens in a new tab)\" href=\"http:\/\/stimme.minderheiten.at\/wordpress\/wp-content\/uploads\/sites\/3\/2021\/11\/Stimme_120_talk_s10-11.pdf\" target=\"_blank\">Waltraud Riegler<\/a>, <a rel=\"noreferrer noopener\" aria-label=\"Erwin Riess (opens in a new tab)\" href=\"http:\/\/stimme.minderheiten.at\/wordpress\/wp-content\/uploads\/sites\/3\/2021\/11\/Stimme_120_talk_s12-13.pdf\" target=\"_blank\">Erwin Riess<\/a>, <a rel=\"noreferrer noopener\" aria-label=\"Mirjam Karoly (opens in a new tab)\" href=\"http:\/\/stimme.minderheiten.at\/wordpress\/wp-content\/uploads\/sites\/3\/2021\/11\/Stimme_120_talk_s14-15.pdf\" target=\"_blank\">Mirjam Karoly<\/a>, <a rel=\"noreferrer noopener\" aria-label=\"Alexander Pollak (opens in a new tab)\" href=\"http:\/\/stimme.minderheiten.at\/wordpress\/wp-content\/uploads\/sites\/3\/2021\/11\/Stimme_120_talk_s16-17.pdf\" target=\"_blank\">Alexander Pollak<\/a>, <a rel=\"noreferrer noopener\" aria-label=\"Araba Evelyn-Johnston-Arthur (opens in a new tab)\" href=\"http:\/\/stimme.minderheiten.at\/wordpress\/wp-content\/uploads\/sites\/3\/2021\/11\/Stimme_120_talk_s18-19.pdf\" target=\"_blank\">Araba Evelyn-Johnston-Arthur<\/a> <\/strong>und <strong><a href=\"http:\/\/stimme.minderheiten.at\/wordpress\/wp-content\/uploads\/sites\/3\/2021\/11\/Stimme_120_talk_s20-21.pdf\" target=\"_blank\" rel=\"noreferrer noopener\" aria-label=\"Hikmet Kayahan (opens in a new tab)\">Hikmet Kayahan<\/a><\/strong> geben dar\u00fcber hinaus preis, was sie mit der Initiative Minderheiten verbindet, wie sie mit Ignoranz und auch Anfeindungen umgehen und welche Tipps und Ratschl\u00e4ge sie f\u00fcr die n\u00e4chsten Generationen von Aktivist:innen haben. Wir w\u00fcrdigen die sieben K\u00e4mpfer:innen der Minderheitenbewegungen \u2013 selbstverst\u00e4ndlich stellvertretend f\u00fcr viele andere, mit denen sich unsere Wege gekreuzt haben.  <\/p>\n\n\n\n<p><strong>Mehmet Emir<\/strong>, Musiker und K\u00fcnstler mit Schwerpunkt Fotografie, war nicht nur von 1993 bis 2004 Fotoredakteur der Stimme, sondern auch Vorstandsmitglied der Initiative Minderheiten. Er hat f\u00fcr uns die \u201eK\u00e4mpfer:innen\u201c fotografisch portr\u00e4tiert.   <\/p>\n\n\n\n<p>Diese Ausgabe entstand in redaktioneller Mitarbeit der <strong><a href=\"https:\/\/www.gbw.at\/wien\/home\/\" target=\"_blank\" rel=\"noreferrer noopener\" aria-label=\"Gr\u00fcnen Bildungswerkstatt Wien (opens in a new tab)\">Gr\u00fcnen Bildungswerkstatt Wien<\/a>&nbsp;<\/strong>(GBW). An dieser Stelle einen herzlichen Dank an<strong> Ursula Berner<\/strong> f\u00fcr ihre Unterst\u00fctzung.<\/p>\n\n\n\n<p>Was Sie in diesem Heft noch erwartet: Der Ideengeber f\u00fcr ein Minderheitenjahr, der dieses Vorhaben mit tatkr\u00e4ftiger Unterst\u00fctzung von vielen anderen schlussendlich verwirklichen konnte, ist nun 70 Jahre alt geworden: <strong>Michael Oertl<\/strong>. Ein Portr\u00e4t von <strong><a href=\"http:\/\/stimme.minderheiten.at\/wordpress\/wp-content\/uploads\/sites\/3\/2021\/11\/Stimme_120_talk_s26-27.pdf\" target=\"_blank\" rel=\"noreferrer noopener\" aria-label=\"Beate Eder-Jordan (opens in a new tab)\">Beate Eder-Jordan<\/a><\/strong>, mit dem wir unserem Initiator und \u201eGr\u00fcndungsvater\u201c ganz herzlich zum 70. Geburtstag gratulieren. Danke, Michael!  <\/p>\n\n\n\n<p>Zur dritten Folge des Stimme-Talks \u201eJunger Aktivismus und minorit\u00e4re Allianzen\u201c hat <strong><a href=\"http:\/\/stimme.minderheiten.at\/wordpress\/wp-content\/uploads\/sites\/3\/2021\/11\/Stimme_120_talk_s22-25.pdf\" target=\"_blank\" rel=\"noreferrer noopener\" aria-label=\"Cornelia Kogoj (opens in a new tab)\">Cornelia Kogoj<\/a><\/strong> vier junge Frauen eingeladen: <strong>Hager Abouwarda<\/strong> von der muslimischen Jugend \u00d6sterreich, <strong>Elisabeth Magdlener<\/strong> und <strong>Isabell Naronnig<\/strong> vom Verein Ninlil und <strong>Dunia Khalil<\/strong>, Juristin und Antirassismustrainerin, diskutieren unter anderem \u00fcber die Bedeutung rechtlicher Schritte gegen Diskriminierung und die Herausforderungen von Intersektionalit\u00e4t.<\/p>\n\n\n\n<p>F\u00fcr die Jubil\u00e4umsserie <a href=\"http:\/\/stimme.minderheiten.at\/wordpress\/wp-content\/uploads\/sites\/3\/2021\/11\/Stimme_120_talk_s30-31.pdf\" target=\"_blank\" rel=\"noreferrer noopener\" aria-label=\"\u201eVerbunden mit der Initiative Minderheiten\u201c (opens in a new tab)\">\u201eVerbunden mit der Initiative Minderheiten\u201c<\/a> fragten wir Weggef\u00e4hrt:innen nach den gr\u00f6\u00dften (minderheiten)politischen Errungenschaften der vergangenen 30 Jahre und danach, was noch zu tun bleibt. Die Langversionen der Interviews finden Sie auf <a href=\"http:\/\/www.imblog.at\">www.imblog.at<\/a>.<\/p>\n\n\n\n<p>Die Ausstellung <em>Al lavoro!<\/em> in den Tiroler Landesmuseen zeigt noch bis Ende Oktober 2021 die Facetten des Zusammenlebens und die Zuwanderung von Trentiner:innen in die Grafschaft Tirol von 1815 bis 1918. Ein Beitrag von <strong><a href=\"http:\/\/stimme.minderheiten.at\/wordpress\/wp-content\/uploads\/sites\/3\/2021\/11\/Stimme_120_talk_s32-33.pdf\" target=\"_blank\" rel=\"noreferrer noopener\" aria-label=\"Gerhard Hetfleisch (opens in a new tab)\">Gerhard Hetfleisch<\/a><\/strong>, Mitkurator der Ausstellung.  <\/p>\n\n\n\n<p><strong>Asl\u0131 K\u0131\u015flal<\/strong> steht f\u00fcr Diversit\u00e4t auf der B\u00fchne. <strong><a href=\"http:\/\/stimme.minderheiten.at\/wordpress\/wp-content\/uploads\/sites\/3\/2021\/11\/Stimme_120_talk_s29.pdf\" target=\"_blank\" rel=\"noreferrer noopener\" aria-label=\"Ursula Berner (opens in a new tab)\">Ursula Berner<\/a><\/strong><a rel=\"noreferrer noopener\" aria-label=\"Ursula Berner  (opens in a new tab)\" href=\"http:\/\/stimme.minderheiten.at\/wordpress\/wp-content\/uploads\/sites\/3\/2021\/11\/Stimme_120_talk_s29.pdf\" target=\"_blank\"> <\/a>sprach mit der erfolgreichen Theatermacherin \u00fcber ihren bisherigen Weg und ihre Zukunftspl\u00e4ne.<\/p>\n\n\n\n<p>In der <em>Radio-Stimme-Nachlese<\/em> schlie\u00dflich besprechen <strong><a href=\"http:\/\/stimme.minderheiten.at\/wordpress\/wp-content\/uploads\/sites\/3\/2021\/11\/Stimme_120_talk_s34-35.pdf\" target=\"_blank\" rel=\"noreferrer noopener\" aria-label=\"Dagmar Urban und Nico Reiter (opens in a new tab)\">Dagmar Urban<\/a><\/strong><a href=\"http:\/\/stimme.minderheiten.at\/wordpress\/wp-content\/uploads\/sites\/3\/2021\/11\/Stimme_120_talk_s34-35.pdf\" target=\"_blank\" rel=\"noreferrer noopener\" aria-label=\"Dagmar Urban und Nico Reiter (opens in a new tab)\"> und <\/a><strong><a href=\"http:\/\/stimme.minderheiten.at\/wordpress\/wp-content\/uploads\/sites\/3\/2021\/11\/Stimme_120_talk_s34-35.pdf\" target=\"_blank\" rel=\"noreferrer noopener\" aria-label=\"Dagmar Urban und Nico Reiter (opens in a new tab)\">Nico Reiter<\/a><\/strong> die Sendung \u201eQueer und wohnungslos in Wien\u201c.<\/p>\n\n\n\n<p>In der kommenden\nAusgabe im Dezember, der letzten in unserem Jubil\u00e4umsjahr 2021, wird\ngefeiert: Wir dokumentieren unsere Projekte aus 30 Jahren,\nbeschreiben Erfolge und Veranstaltungshighlights und bieten Einblicke\nin unser Bildarchiv. \n<\/p>\n\n\n\n<p>Noch viele Gr\u00fcnde\nzum Feiern und farbenfrohe Herbsttage w\u00fcnscht<\/p>\n\n\n\n<p><strong>Gamze Ongan, Chefredakteurin<\/strong><\/p>\n\n\n\n<hr class=\"wp-block-separator\" \/>\n\n\n\n<p>Stimmlage: Das drei\u00dfigste Jahr \u2013 von <a rel=\"noreferrer noopener\" aria-label=\"Hakan G\u00fcrses (opens in a new tab)\" href=\"http:\/\/stimme.minderheiten.at\/wordpress\/wp-content\/uploads\/sites\/3\/2021\/11\/Stimme_120_talk_s06.pdf\" target=\"_blank\">Hakan G\u00fcrses<\/a><\/p>\n\n\n\n<p>Groll: Im Schatten von Corona &#8211; von <a href=\"http:\/\/stimme.minderheiten.at\/wordpress\/wp-content\/uploads\/sites\/3\/2021\/11\/Stimme_120_talk_s28.pdf\" target=\"_blank\" rel=\"noreferrer noopener\" aria-label=\"Erwin Riess (opens in a new tab)\">Erwin Riess<\/a><\/p>\n\n\n\n<hr class=\"wp-block-separator\" \/>\n\n\n\n<p><a href=\"http:\/\/stimme.minderheiten.at\/wordpress\/wp-content\/uploads\/sites\/3\/2021\/12\/Stimme_120_ganzes_heft_web.pdf\" target=\"_blank\" rel=\"noreferrer noopener\" aria-label=\"Stimme Nr. 120.pdf (opens in a new tab)\">Stimme Nr. 120.pdf<\/a><\/p>\n\n\n\n<hr class=\"wp-block-separator\" \/>\n\n\n\n<p>Grafik:  Fatih Aydo\u011fdu     <\/p>\n\n\n\n<hr class=\"wp-block-separator\" \/>\n\n\n\n<p>Jahresabo: \u20ac 20,- \/\/ Zwei-Jahresabo: \u20ac 38,-<br>Abo International: \u20ac 30,- \/\/ Zwei-Jahresabo International: \u20ac 58,-<br>(F\u00fcr Vereinsmitglieder kostenlos, Mitgliedschaft j\u00e4hrlich \u20ac 25,-)<\/p>\n\n\n\n<p>Aboservice: Fr. Ebru Uzun: <a rel=\"noreferrer noopener\" href=\"mailto:abo@initiative.minderheiten.at\" target=\"_blank\">abo(at)initiative.minderheiten.at<\/a><\/p>\n\n\n\n<hr class=\"wp-block-separator\" \/>\n\n\n\n<p>\nFolgen Sie uns auf <strong><a href=\"http:\/\/instagram.com\/initiative_minderheiten\">Instagram<\/a><\/strong>: Wir pr\u00e4sentieren die<strong> Menschen <\/strong>hinter <strong>30 Jahre Initiative Minderheiten<\/strong> und geben Einblicke ins Archiv.  \n\n<\/p>\n\n\n\n<hr class=\"wp-block-separator\" \/>\n\n\n\n<figure class=\"wp-block-image is-resized\"><img decoding=\"async\" loading=\"lazy\" src=\"http:\/\/stimme.minderheiten.at\/wordpress\/wp-content\/uploads\/sites\/3\/2021\/03\/30jahrestimme.jpg\" alt=\"\" class=\"wp-image-3561\" width=\"240\" height=\"146\" srcset=\"https:\/\/stimme.minderheiten.at\/wordpress\/wp-content\/uploads\/sites\/3\/2021\/03\/30jahrestimme.jpg 960w, https:\/\/stimme.minderheiten.at\/wordpress\/wp-content\/uploads\/sites\/3\/2021\/03\/30jahrestimme-300x182.jpg 300w, https:\/\/stimme.minderheiten.at\/wordpress\/wp-content\/uploads\/sites\/3\/2021\/03\/30jahrestimme-768x466.jpg 768w, https:\/\/stimme.minderheiten.at\/wordpress\/wp-content\/uploads\/sites\/3\/2021\/03\/30jahrestimme-520x316.jpg 520w\" sizes=\"(max-width: 240px) 100vw, 240px\" \/><figcaption> Logo:  Fatih Aydo\u011fdu     <\/figcaption><\/figure>\n","protected":false},"excerpt":{"rendered":"<p>&#46;&#46;&#46;<\/p>\n","protected":false},"author":4,"featured_media":3653,"comment_status":"closed","ping_status":"closed","sticky":false,"template":"","format":"standard","meta":[],"categories":[14],"tags":[58],"distributor_meta":false,"distributor_terms":false,"distributor_media":false,"distributor_original_site_name":"Zeitschrift Stimme","distributor_original_site_url":"https:\/\/stimme.minderheiten.at\/wordpress","_links":{"self":[{"href":"https:\/\/stimme.minderheiten.at\/wordpress\/index.php\/wp-json\/wp\/v2\/posts\/3654"}],"collection":[{"href":"https:\/\/stimme.minderheiten.at\/wordpress\/index.php\/wp-json\/wp\/v2\/posts"}],"about":[{"href":"https:\/\/stimme.minderheiten.at\/wordpress\/index.php\/wp-json\/wp\/v2\/types\/post"}],"author":[{"embeddable":true,"href":"https:\/\/stimme.minderheiten.at\/wordpress\/index.php\/wp-json\/wp\/v2\/users\/4"}],"replies":[{"embeddable":true,"href":"https:\/\/stimme.minderheiten.at\/wordpress\/index.php\/wp-json\/wp\/v2\/comments?post=3654"}],"version-history":[{"count":31,"href":"https:\/\/stimme.minderheiten.at\/wordpress\/index.php\/wp-json\/wp\/v2\/posts\/3654\/revisions"}],"predecessor-version":[{"id":3720,"href":"https:\/\/stimme.minderheiten.at\/wordpress\/index.php\/wp-json\/wp\/v2\/posts\/3654\/revisions\/3720"}],"wp:featuredmedia":[{"embeddable":true,"href":"https:\/\/stimme.minderheiten.at\/wordpress\/index.php\/wp-json\/wp\/v2\/media\/3653"}],"wp:attachment":[{"href":"https:\/\/stimme.minderheiten.at\/wordpress\/index.php\/wp-json\/wp\/v2\/media?parent=3654"}],"wp:term":[{"taxonomy":"category","embeddable":true,"href":"https:\/\/stimme.minderheiten.at\/wordpress\/index.php\/wp-json\/wp\/v2\/categories?post=3654"},{"taxonomy":"post_tag","embeddable":true,"href":"https:\/\/stimme.minderheiten.at\/wordpress\/index.php\/wp-json\/wp\/v2\/tags?post=3654"}],"curies":[{"name":"wp","href":"https:\/\/api.w.org\/{rel}","templated":true}]}}