{"id":3704,"date":"2021-12-20T17:55:48","date_gmt":"2021-12-20T16:55:48","guid":{"rendered":"http:\/\/stimme.minderheiten.at\/wordpress\/?p=3704"},"modified":"2023-02-28T18:01:50","modified_gmt":"2023-02-28T17:01:50","slug":"jubilaeumsausgabe-30-jahre-stimme-121-2021","status":"publish","type":"post","link":"https:\/\/stimme.minderheiten.at\/wordpress\/index.php\/allgemein\/2021\/3704","title":{"rendered":"#121\/2021 Jubil\u00e4umsausgabe 30 Jahre STIMME"},"content":{"rendered":"\n<figure class=\"wp-block-image is-resized\"><img decoding=\"async\" loading=\"lazy\" src=\"https:\/\/stimme.minderheiten.at\/wordpress\/wp-content\/uploads\/sites\/3\/2021\/12\/Stimme121_cover-1-720x1024.png\" alt=\"\" class=\"wp-image-3705\" width=\"720\" height=\"1024\" srcset=\"https:\/\/stimme.minderheiten.at\/wordpress\/wp-content\/uploads\/sites\/3\/2021\/12\/Stimme121_cover-1-720x1024.png 720w, https:\/\/stimme.minderheiten.at\/wordpress\/wp-content\/uploads\/sites\/3\/2021\/12\/Stimme121_cover-1-211x300.png 211w, https:\/\/stimme.minderheiten.at\/wordpress\/wp-content\/uploads\/sites\/3\/2021\/12\/Stimme121_cover-1-768x1092.png 768w, https:\/\/stimme.minderheiten.at\/wordpress\/wp-content\/uploads\/sites\/3\/2021\/12\/Stimme121_cover-1-520x739.png 520w, https:\/\/stimme.minderheiten.at\/wordpress\/wp-content\/uploads\/sites\/3\/2021\/12\/Stimme121_cover-1.png 800w\" sizes=\"(max-width: 720px) 100vw, 720px\" \/><\/figure>\n\n\n\n<p>Wir feiern\nJubil\u00e4um \u2013 die <strong>Initiative\nMinderheiten<\/strong>\nund die <strong>Stimme<\/strong>\nsind nun 30 Jahre alt.  \n<\/p>\n\n\n\n<p>Die Initiative Minderheiten wurde 1991 unter dem Titel&nbsp;\u201e<a href=\"https:\/\/stimme.minderheiten.at\/wordpress\/index.php\/stimme\/2020\/3322\" target=\"_blank\" rel=\"noreferrer noopener\" aria-label=\"Initiative Minderheitenjahr (opens in a new tab)\">Initiative Minderheitenjahr<\/a>\u201c gegr\u00fcndet. Die Idee kam von <strong>Michael Oertl<\/strong> aus Innsbruck, der gemeinsam mit Mitstreiter*innen <strong>Ursula Hemetek<\/strong>, <strong>Vladimir Wakounig<\/strong>, <strong>Helga Pankratz<\/strong> (\u2020), <strong>Erwin Riess<\/strong>, <strong>Waltraud Riegler<\/strong>, <strong>Beate Eder-Jordan<\/strong>, <strong>Franjo Schruiff<\/strong> und <strong>Gerald Nitsche<\/strong> einen minderheiten\u00fcbergreifenden Ansatz verfolgte.  <\/p>\n\n\n\n<p>Der breite Minderheitenbegriff, der sowohl die \u00f6sterreichischen Volksgruppen als auch Migrant*innen und Gefl\u00fcchtete, LGBTIQs und Menschen mit Behinderung inkludiert, war Anfang der 1990er Jahre noch \u201eeine Provokation\u201c. Nichtsdestotrotz wurde die Bildung von&nbsp;<strong><a href=\"https:\/\/stimme.minderheiten.at\/wordpress\/wp-content\/uploads\/sites\/3\/2019\/05\/stimme100_web_s08-11.pdf\" target=\"_blank\" rel=\"noreferrer noopener\" aria-label=\" (opens in a new tab)\">minorit\u00e4ren Allianzen<\/a><\/strong>&nbsp;\u2013 ein Begriff, den der Philosoph <strong>Hakan G\u00fcrses<\/strong> f\u00fcr die Initiative Minderheiten gepr\u00e4gt hat und der \u00fcber einen identit\u00e4tspolitischen Ansatz hinausgeht \u2013 zur Leitlinie f\u00fcr unsere Arbeit.<\/p>\n\n\n\n<p>Im Gr\u00fcndungsjahr\nder Initiative erschien auch die erste Ausgabe der Zeitschrift Stimme\n\u2013 eine mediale Plattform zur Entwicklung, Festigung und\nSichtbarmachung der minorit\u00e4ren Allianzen. <strong>Gerhard\nHetfleisch<\/strong>\nleitete das anf\u00e4ngliche Redaktionsteam mit\nHaydar\nSari und Vinko Pa\u0161ali\u0107 (\u2020). Im Jahr 1993 \u00fcbernahm <strong>Hakan\nG\u00fcrses<\/strong>\ndie Chefredaktion und f\u00fchrte sie bis Ende 2007. Seit 2008 darf ich\ndiese Verantwortung mit Unterst\u00fctzung bester Kolleg*innen\nwahrnehmen.<\/p>\n\n\n\n<p>Wir leiten unsere Jubil\u00e4umsausgabe mit Beitr\u00e4gen unseres Mitbegr\u00fcnders und Obmanns <strong><a rel=\"noreferrer noopener\" aria-label=\"Vladimir Wakounig (opens in a new tab)\" href=\"http:\/\/stimme.minderheiten.at\/wordpress\/wp-content\/uploads\/sites\/3\/2022\/03\/Stimme_121_S_08.pdf\" target=\"_blank\">Vladimir Wakounig<\/a><\/strong> und des Journalisten und Vorstandsmitglieds<a href=\"http:\/\/stimme.minderheiten.at\/wordpress\/wp-content\/uploads\/sites\/3\/2022\/03\/Stimme_121_S_09.pdf\" target=\"_blank\" rel=\"noreferrer noopener\" aria-label=\" (opens in a new tab)\"> <\/a><strong><a href=\"http:\/\/stimme.minderheiten.at\/wordpress\/wp-content\/uploads\/sites\/3\/2022\/03\/Stimme_121_S_09.pdf\" target=\"_blank\" rel=\"noreferrer noopener\" aria-label=\" (opens in a new tab)\">Benedikt Sauer<\/a><\/strong> ein. W\u00e4hrend Wakounig auf 30 Jahre gelebte minorit\u00e4re Allianz mit R\u00fcckschl\u00e4gen und Erfolgen zur\u00fcckschaut, erm\u00f6glicht Sauer Einblicke in unser Innsbrucker B\u00fcro und seine Projekte.<\/p>\n\n\n\n<p>Die f\u00fcr unser 20.  Gr\u00fcndungsjahr im Jahr 2011 von <a rel=\"noreferrer noopener\" aria-label=\"Vida Bakondy (opens in a new tab)\" href=\"http:\/\/stimme.minderheiten.at\/wordpress\/wp-content\/uploads\/sites\/3\/2022\/03\/Stimme_121_S_10.pdf\" target=\"_blank\"><strong>Vida Bakondy<\/strong><\/a><strong> <\/strong>entwickelte Timeline, in der historische Entwicklungen aller Minderheiten in \u00d6sterreich erstmals zusammengef\u00fcgt wurden, haben wir mit Ereignissen bis 2021 erg\u00e4nzt. In einer zus\u00e4tzlichen <strong><a href=\"http:\/\/stimme.minderheiten.at\/wordpress\/wp-content\/uploads\/sites\/3\/2022\/03\/Stimme_121_S_11-27_Timeline.pdf\" target=\"_blank\" rel=\"noreferrer noopener\" aria-label=\"Timeline  (opens in a new tab)\">Timeline <\/a><\/strong>finden sie \u2013 fast \u2013 alle Projekte, die wir in den vergangenen drei Jahrzehnten entwickelt und umgesetzt haben \u2013 von Publikationen \u00fcber Tagungen und Symposien, von Ausstellungen \u00fcber Konzerte und Theaterst\u00fccken bis hin zu Bildungs- und Mentoring-Projekten f\u00fcr junge Erwachsene.  <\/p>\n\n\n\n<p>Eine kommentierte <strong><a href=\"http:\/\/stimme.minderheiten.at\/wordpress\/wp-content\/uploads\/sites\/3\/2022\/03\/Stimme_121_S_18-23_timeline_full.pdf\" target=\"_blank\" rel=\"noreferrer noopener\" aria-label=\"Bilddokumentation  (opens in a new tab)\">Bilddokumentation <\/a><\/strong>\u00fcber eine kleine Auswahl unserer Projekte finden Sie im Mittelteil dieses Heftes.<\/p>\n\n\n\n<p>Pers\u00f6nliche Empfehlungen von <a rel=\"noreferrer noopener\" aria-label=\"Vorstand und Mitarbeiter*innen (opens in a new tab)\" href=\"http:\/\/stimme.minderheiten.at\/wordpress\/wp-content\/uploads\/sites\/3\/2022\/03\/Stimme_121_S_28.pdf\" target=\"_blank\"><strong>Vorstand und Mitarbeiter*innen<\/strong><\/a>: zum Lesen und zum H\u00f6ren, alt wie neu, Belletristik wie Sachbuch \u2013 was uns gerade bewegt oder was einen Wendepunkt in unserem politischen Engagement darstellte. Holen Sie sich Inspirationen!<\/p>\n\n\n\n<p>F\u00fcr die vierte und letzte Folge der Serie \u201eJunger Aktivismus und minorit\u00e4re Allianzen\u201c hat <strong><a href=\"http:\/\/stimme.minderheiten.at\/wordpress\/wp-content\/uploads\/sites\/3\/2022\/03\/Stimme_121_S_29-32.pdf\" target=\"_blank\" rel=\"noreferrer noopener\" aria-label=\"Cornelia Kogoj (opens in a new tab)\">Cornelia Kogoj<\/a><\/strong> mit <strong>Ana Grilc<\/strong>, Vorstandsmitglied des slowenischen Student*innenklubs in Wien, <strong>Lydia Novak<\/strong>, burgenl\u00e4ndisch-kroatische Wienerin, und <strong>Leokadia Grolmus<\/strong>, \u00d6H-Vorsitzende an der FH-Campus-Wien, u. a. \u00fcber Intersektionalit\u00e4t, Zug\u00e4nge zum politischen Aktivismus und Vorbilder gesprochen.  <\/p>\n\n\n\n<p>F\u00fcr die Jubil\u00e4umsserie \u201eVerbunden mit der Initiative Minderheiten\u201c fragten wir <strong><a href=\"http:\/\/stimme.minderheiten.at\/wordpress\/wp-content\/uploads\/sites\/3\/2022\/03\/Stimme_121_S_34-35.pdf\" target=\"_blank\" rel=\"noreferrer noopener\" aria-label=\"Weggef\u00e4hrt*innen (opens in a new tab)\">Weggef\u00e4hrt*innen<\/a><\/strong> nach den minderheitenpolitischen Errungenschaften der vergangenen 30 Jahre, was noch zu tun bleibt und was sie der Initiative Minderheiten zum Geburtstag w\u00fcnschen. Da so viele Menschen dankenswerterweise bereit waren, sich mit unseren Fragen auseinanderzusetzen, werden wir die Serie auch im kommenden Jahr fortsetzen. Die Langversionen der Interviews finden Sie wie immer auf <a href=\"http:\/\/www.imblog.at\">www.imblog.at<\/a>. <\/p>\n\n\n\n<p><strong>Was kommt<\/strong><\/p>\n\n\n\n<p>Die erste\nAusgabe des kommenden Jahres tr\u00e4gt den Arbeitstitel \u201e100 Jahre\nBurgenland und seine Minderheiten\u201c. In einem Themenheft sollen das\nJubil\u00e4umsjahr 2021 und seine Feierlichkeiten kritisch reflektiert\nwerden. Somit geht es auch um das prinzipielle Spannungsverh\u00e4ltnis\nvon Staatsfeierlichkeiten und Minderheiten. &nbsp;<\/p>\n\n\n\n<p>Vielen\nherzlichen Dank an all die Menschen, die sich uns verbunden f\u00fchlen,\nund an unsere Leser*innen f\u00fcr jahrelange Solidarit\u00e4t und\nWertsch\u00e4tzung. \n<\/p>\n\n\n\n<p>Wir blicken nach\nvorne \u2013&nbsp;in Hoffnung auf eine gerechtere Welt.<\/p>\n\n\n\n<p>Gamze Ongan,\nChefredakteurin<\/p>\n\n\n\n<hr class=\"wp-block-separator has-css-opacity\" \/>\n\n\n\n<p>Stimmlage: Die pandemische Verwerfung \u2013 von <a rel=\"noreferrer noopener\" aria-label=\"Hakan G\u00fcrses (opens in a new tab)\" href=\"http:\/\/stimme.minderheiten.at\/wordpress\/wp-content\/uploads\/sites\/3\/2022\/03\/Stimme_121_S_06.pdf\" target=\"_blank\"><strong>Hakan G\u00fcrses<\/strong><\/a><\/p>\n\n\n\n<p>Groll: Triest, Erinnerung an Tito EF \u2013 von <a rel=\"noreferrer noopener\" aria-label=\"Erwin Riess (opens in a new tab)\" href=\"http:\/\/stimme.minderheiten.at\/wordpress\/wp-content\/uploads\/sites\/3\/2022\/03\/Stimme_121_S_38.pdf\" target=\"_blank\"><strong>Erwin Riess<\/strong><\/a><\/p>\n\n\n\n<p>Lekt\u00fcre: mit Beitr\u00e4gen von <strong><a rel=\"noreferrer noopener\" aria-label=\"Julia Ecker, Helene Maier und Vlatka Frketi\u0107 (opens in a new tab)\" href=\"http:\/\/stimme.minderheiten.at\/wordpress\/wp-content\/uploads\/sites\/3\/2022\/03\/Stimme_121_S_36-37.pdf\" target=\"_blank\">Julia Ecker, Helene Maier und Vlatka Frketi\u0107<\/a><\/strong><br><\/p>\n\n\n\n<hr class=\"wp-block-separator has-css-opacity\" \/>\n\n\n\n<p><a href=\"http:\/\/stimme.minderheiten.at\/wordpress\/wp-content\/uploads\/sites\/3\/2022\/02\/Stimme-Talk_121_gesamtheft1.pdf\" target=\"_blank\" rel=\"noreferrer noopener\" aria-label=\"Stimme Nr. 121.pdf (opens in a new tab)\">Stimme Nr. 121.pdf<\/a><\/p>\n\n\n\n<hr class=\"wp-block-separator has-css-opacity\" \/>\n\n\n\n<p> Grafik:  Fatih Aydo\u011fdu  <\/p>\n\n\n\n<p>\nLektorat: Daniel M\u00fcller <a href=\"http:\/\/www.syntext.at\/?fbclid=IwAR3YzvAopIcRZtwHuX9tlwGpJTElUXWCng_AN84Ns_bdgiGOiw7JnMhaSmI\">www.syntext.at<\/a><\/p>\n\n\n\n<hr class=\"wp-block-separator has-css-opacity\" \/>\n\n\n\n<p>Jahresabo: \u20ac 20,- \/\/ Zwei-Jahresabo: \u20ac 38,-<br>Abo International: \u20ac 30,- \/\/ Zwei-Jahresabo International: \u20ac 58,-<br>(F\u00fcr Vereinsmitglieder kostenlos, Mitgliedschaft j\u00e4hrlich \u20ac 25,-)<\/p>\n\n\n\n<p>Aboservice: Fr. Ebru Uzun: <a href=\"mailto:abo@initiative.minderheiten.at\">abo(at)initiative.minderheiten.at<\/a><\/p>\n\n\n\n<hr class=\"wp-block-separator has-css-opacity\" \/>\n\n\n\n<figure class=\"wp-block-image is-resized\"><img decoding=\"async\" loading=\"lazy\" src=\"http:\/\/stimme.minderheiten.at\/wordpress\/wp-content\/uploads\/sites\/3\/2021\/03\/30jahrestimme.jpg\" alt=\"\" class=\"wp-image-3561\" width=\"240\" height=\"146\" srcset=\"https:\/\/stimme.minderheiten.at\/wordpress\/wp-content\/uploads\/sites\/3\/2021\/03\/30jahrestimme.jpg 960w, https:\/\/stimme.minderheiten.at\/wordpress\/wp-content\/uploads\/sites\/3\/2021\/03\/30jahrestimme-300x182.jpg 300w, https:\/\/stimme.minderheiten.at\/wordpress\/wp-content\/uploads\/sites\/3\/2021\/03\/30jahrestimme-768x466.jpg 768w, https:\/\/stimme.minderheiten.at\/wordpress\/wp-content\/uploads\/sites\/3\/2021\/03\/30jahrestimme-520x316.jpg 520w\" sizes=\"(max-width: 240px) 100vw, 240px\" \/><figcaption class=\"wp-element-caption\"> Logo:  Fatih Aydo\u011fdu <\/figcaption><\/figure>\n","protected":false},"excerpt":{"rendered":"<p>&#46;&#46;&#46;<\/p>\n","protected":false},"author":4,"featured_media":3705,"comment_status":"closed","ping_status":"closed","sticky":false,"template":"","format":"standard","meta":[],"categories":[1,14],"tags":[116],"distributor_meta":false,"distributor_terms":false,"distributor_media":false,"distributor_original_site_name":"Zeitschrift Stimme","distributor_original_site_url":"https:\/\/stimme.minderheiten.at\/wordpress","_links":{"self":[{"href":"https:\/\/stimme.minderheiten.at\/wordpress\/index.php\/wp-json\/wp\/v2\/posts\/3704"}],"collection":[{"href":"https:\/\/stimme.minderheiten.at\/wordpress\/index.php\/wp-json\/wp\/v2\/posts"}],"about":[{"href":"https:\/\/stimme.minderheiten.at\/wordpress\/index.php\/wp-json\/wp\/v2\/types\/post"}],"author":[{"embeddable":true,"href":"https:\/\/stimme.minderheiten.at\/wordpress\/index.php\/wp-json\/wp\/v2\/users\/4"}],"replies":[{"embeddable":true,"href":"https:\/\/stimme.minderheiten.at\/wordpress\/index.php\/wp-json\/wp\/v2\/comments?post=3704"}],"version-history":[{"count":33,"href":"https:\/\/stimme.minderheiten.at\/wordpress\/index.php\/wp-json\/wp\/v2\/posts\/3704\/revisions"}],"predecessor-version":[{"id":4013,"href":"https:\/\/stimme.minderheiten.at\/wordpress\/index.php\/wp-json\/wp\/v2\/posts\/3704\/revisions\/4013"}],"wp:featuredmedia":[{"embeddable":true,"href":"https:\/\/stimme.minderheiten.at\/wordpress\/index.php\/wp-json\/wp\/v2\/media\/3705"}],"wp:attachment":[{"href":"https:\/\/stimme.minderheiten.at\/wordpress\/index.php\/wp-json\/wp\/v2\/media?parent=3704"}],"wp:term":[{"taxonomy":"category","embeddable":true,"href":"https:\/\/stimme.minderheiten.at\/wordpress\/index.php\/wp-json\/wp\/v2\/categories?post=3704"},{"taxonomy":"post_tag","embeddable":true,"href":"https:\/\/stimme.minderheiten.at\/wordpress\/index.php\/wp-json\/wp\/v2\/tags?post=3704"}],"curies":[{"name":"wp","href":"https:\/\/api.w.org\/{rel}","templated":true}]}}