{"id":3827,"date":"2022-06-23T14:08:58","date_gmt":"2022-06-23T12:08:58","guid":{"rendered":"http:\/\/stimme.minderheiten.at\/wordpress\/?p=3827"},"modified":"2023-04-13T10:16:39","modified_gmt":"2023-04-13T08:16:39","slug":"die-aktuelle-ausgabe-der-stimme-123-2022","status":"publish","type":"post","link":"https:\/\/stimme.minderheiten.at\/wordpress\/index.php\/startseite\/2022\/3827","title":{"rendered":"#123\/2022 Minority Stress &#8211; Gesundheitliche Folgen der Diskriminierung"},"content":{"rendered":"\n<figure class=\"wp-block-image\"><img decoding=\"async\" loading=\"lazy\" width=\"744\" height=\"1024\" src=\"https:\/\/stimme.minderheiten.at\/wordpress\/wp-content\/uploads\/sites\/3\/2022\/06\/stimme_Nr_123_cover-744x1024.jpg\" alt=\"\" class=\"wp-image-3828\" srcset=\"https:\/\/stimme.minderheiten.at\/wordpress\/wp-content\/uploads\/sites\/3\/2022\/06\/stimme_Nr_123_cover-744x1024.jpg 744w, https:\/\/stimme.minderheiten.at\/wordpress\/wp-content\/uploads\/sites\/3\/2022\/06\/stimme_Nr_123_cover-218x300.jpg 218w, https:\/\/stimme.minderheiten.at\/wordpress\/wp-content\/uploads\/sites\/3\/2022\/06\/stimme_Nr_123_cover-768x1058.jpg 768w, https:\/\/stimme.minderheiten.at\/wordpress\/wp-content\/uploads\/sites\/3\/2022\/06\/stimme_Nr_123_cover-520x716.jpg 520w, https:\/\/stimme.minderheiten.at\/wordpress\/wp-content\/uploads\/sites\/3\/2022\/06\/stimme_Nr_123_cover.jpg 1000w\" sizes=\"(max-width: 744px) 100vw, 744px\" \/><\/figure>\n\n\n\n<p>Wer im\nAlltag Vorurteilen und Feindseligkeiten ausgesetzt ist, auf\nBewerbungen \u00f6fter Absagen bekommt oder etwa erfahren muss, dass die\nk\u00fcrzlich inserierte Wohnung schon vergeben sei, ist mit gro\u00dfer\nWahrscheinlichkeit Angeh\u00f6rige:r einer sozialen Minderheit.\nDiskriminierungsformen wie Rassismus, Antisemitismus, Homophobie oder\nAbleismus schreiben sich in die Psyche der Betroffenen ein. \n<\/p>\n\n\n\n<p><em>Minority\nStress<\/em> beschreibt die\nerh\u00f6hte Stressbelastung f\u00fcr stigmatisierte\nMinderheitenangeh\u00f6rige und\nderen negative Folgen auf ihre psychische und k\u00f6rperliche\nGesundheit. Erstmals\n2003 durch den US-amerikanischen Sozialpsychologen Ilan H. Meyer bei\nlesbischen, schwulen und bi-Personen untersucht, bezieht sich das\nModell auf den zus\u00e4tzlichen Stress, den Angeh\u00f6rige marginalisierter\nGruppen aufgrund von Feindseligkeiten im Alltag und struktureller\nDiskriminierung erfahren. Permanente Angst vor verbalen und\nphysischen \u00dcbergriffen sowie m\u00f6gliche internalisierte Ablehnung\ngegen\u00fcber der eigenen Gruppe verst\u00e4rken die psychische Belastung.\nAuch der Verlust von Ressourcen, Einflussm\u00f6glichkeiten und Status in\nFolge der Stigmatisierung kann sich auf die Gesundheit auswirken. \n<\/p>\n\n\n\n<p>Studien\nzu <em>Minority\nStress<\/em>\nkonzentrieren sich bis heute haupts\u00e4chlich auf LGBTIQ+-Personen,\ntrotzdem ist das Modell ebenso gut auf andere minorisierte Gruppen\nanwendbar: Menschen mit\nMigrations- oder Fluchtgeschichte, ethnische Minderheiten, People of\nColour, Menschen mit Behinderung u. v. m. Der US-amerikanische\nPsychologieprofessor Robert T. Carter etwa spricht mit\n<em>race-based-traumatic-stress<\/em>(2007) vom st\u00e4ndigen\nseelischen Schmerz als Folge rassistischer Diskriminierung.<\/p>\n\n\n\n<p>Im aktuellen\nSchwerpunkt setzen sich Expert:innen aus wissenschaftlicher,\ntherapeutisch-analytischer und <em>Betroffenen<\/em>sicht\nmit dem <em>Stress\nder Minderheiten<\/em> und\nder Verantwortung der Psychotherapie auseinander.<\/p>\n\n\n\n<p><strong><a rel=\"noreferrer noopener\" aria-label=\"Leonore Lerch (opens in a new tab)\" href=\"http:\/\/stimme.minderheiten.at\/wordpress\/wp-content\/uploads\/sites\/3\/2022\/07\/stimme_Nr_123_web_S08-10.pdf\" target=\"_blank\">Leonore Lerch<\/a>, <\/strong>Vorsitzende des Wiener Landesverbands f\u00fcr Psychotherapie,forscht und arbeitet seit Jahren zu rassismus- und gesellschaftskritischer Psychotherapie. In ihrem Beitrag erm\u00f6glicht sie einen Einblick in die Forschungslage zu <em>Minority Stress<\/em>. <strong><a href=\"http:\/\/stimme.minderheiten.at\/wordpress\/wp-content\/uploads\/sites\/3\/2022\/07\/stimme_Nr_123_web_S11-13.pdf\" target=\"_blank\" rel=\"noreferrer noopener\" aria-label=\"Esther Hutfless (opens in a new tab)\">Esther Hutfless<\/a><\/strong>, Psychoanalytiker:in und Philosoph:in, pl\u00e4diert f\u00fcr eine plurale und intersektionale Psychoanalyse durch Miteinbeziehung gesellschaftlicher Machtverh\u00e4ltnisse ins \u201eBehandlungszimmer\u201c.  <\/p>\n\n\n\n<p>In einem sehr pers\u00f6nlichen Gespr\u00e4ch tauschen sich <strong><a href=\"http:\/\/stimme.minderheiten.at\/wordpress\/wp-content\/uploads\/sites\/3\/2022\/07\/stimme_Nr_123_web_S14-16.pdf\" target=\"_blank\" rel=\"noreferrer noopener\" aria-label=\"Persson Perry Baumgartinger und Alex J\u00fcrgen* (opens in a new tab)\">Persson Perry Baumgartinger<\/a><\/strong><a href=\"http:\/\/stimme.minderheiten.at\/wordpress\/wp-content\/uploads\/sites\/3\/2022\/07\/stimme_Nr_123_web_S14-16.pdf\" target=\"_blank\" rel=\"noreferrer noopener\" aria-label=\"Persson Perry Baumgartinger und Alex J\u00fcrgen* (opens in a new tab)\"> und <\/a><strong><a href=\"http:\/\/stimme.minderheiten.at\/wordpress\/wp-content\/uploads\/sites\/3\/2022\/07\/stimme_Nr_123_web_S14-16.pdf\" target=\"_blank\" rel=\"noreferrer noopener\" aria-label=\"Persson Perry Baumgartinger und Alex J\u00fcrgen* (opens in a new tab)\">Alex J\u00fcrgen*<\/a><\/strong> \u00fcber nicht enden-wollende Alltagsverletzungen bei trans*, inter* und nichtbin\u00e4ren Personen aus und schildern manche ihrer \u00dcberlebensstrategien.  <\/p>\n\n\n\n<p>Die Musiktherapeut:innen <strong><a rel=\"noreferrer noopener\" aria-label=\"Miriam Adolf, Julia Fent und Jo*hanna Russ (opens in a new tab)\" href=\"http:\/\/stimme.minderheiten.at\/wordpress\/wp-content\/uploads\/sites\/3\/2022\/07\/stimme_Nr_123_web_S17-19.pdf\" target=\"_blank\">Miriam Adolf, Julia Fent<\/a><\/strong><a rel=\"noreferrer noopener\" aria-label=\"Miriam Adolf, Julia Fent und Jo*hanna Russ (opens in a new tab)\" href=\"http:\/\/stimme.minderheiten.at\/wordpress\/wp-content\/uploads\/sites\/3\/2022\/07\/stimme_Nr_123_web_S17-19.pdf\" target=\"_blank\"> und <\/a><strong><a rel=\"noreferrer noopener\" aria-label=\"Miriam Adolf, Julia Fent und Jo*hanna Russ (opens in a new tab)\" href=\"http:\/\/stimme.minderheiten.at\/wordpress\/wp-content\/uploads\/sites\/3\/2022\/07\/stimme_Nr_123_web_S17-19.pdf\" target=\"_blank\">Jo*hanna Russ<\/a> <\/strong>reflektieren die Verwobenheit von Musiktherapie mit gesellschaftlichen Normen und Machtverh\u00e4ltnissen. \u201eReden wir dr\u00fcber!\u201c, pl\u00e4diert <strong><a href=\"http:\/\/stimme.minderheiten.at\/wordpress\/wp-content\/uploads\/sites\/3\/2022\/07\/stimme_Nr_123_web_S20-21.pdf\" target=\"_blank\" rel=\"noreferrer noopener\" aria-label=\"Michaela L\u00f6dler  (opens in a new tab)\">Michaela L\u00f6dler <\/a><\/strong>vom Tiroler Monitoringausschuss f\u00fcr die \u00dcberwachung der Rechte von Menschen mit Behinderungen \u2013 und weist auf die Wichtigkeit der Worte im Sprechen \u00fcber psychische Beeintr\u00e4chtigungen hin.<\/p>\n\n\n\n<p>G\u00e4ste des Stimme-Talks sind drei Therapeut:innen, die mit Gefl\u00fcchteten, Migrant:innen und NS-\u00dcberlebenden bzw. ihren Nachkommen arbeiten. <strong><a rel=\"noreferrer noopener\" aria-label=\"Sanda Schmidjell (Peregrina), Klaus Ottomeyer (Aspis) und Linda A\u00e7\u0131kal\u0131n (opens in a new tab)\" href=\"http:\/\/stimme.minderheiten.at\/wordpress\/wp-content\/uploads\/sites\/3\/2022\/07\/stimme_Nr_123_web_S22-25.pdf\" target=\"_blank\">Sanda Schmidjell<\/a><\/strong><a rel=\"noreferrer noopener\" aria-label=\"Sanda Schmidjell (Peregrina), Klaus Ottomeyer (Aspis) und Linda A\u00e7\u0131kal\u0131n (opens in a new tab)\" href=\"http:\/\/stimme.minderheiten.at\/wordpress\/wp-content\/uploads\/sites\/3\/2022\/07\/stimme_Nr_123_web_S22-25.pdf\" target=\"_blank\"> (Peregrina), <\/a><strong><a rel=\"noreferrer noopener\" aria-label=\"Sanda Schmidjell (Peregrina), Klaus Ottomeyer (Aspis) und Linda A\u00e7\u0131kal\u0131n (opens in a new tab)\" href=\"http:\/\/stimme.minderheiten.at\/wordpress\/wp-content\/uploads\/sites\/3\/2022\/07\/stimme_Nr_123_web_S22-25.pdf\" target=\"_blank\">Klaus Ottomeyer<\/a><\/strong><a rel=\"noreferrer noopener\" aria-label=\"Sanda Schmidjell (Peregrina), Klaus Ottomeyer (Aspis) und Linda A\u00e7\u0131kal\u0131n (opens in a new tab)\" href=\"http:\/\/stimme.minderheiten.at\/wordpress\/wp-content\/uploads\/sites\/3\/2022\/07\/stimme_Nr_123_web_S22-25.pdf\" target=\"_blank\"> (Aspis) und <\/a><strong><a rel=\"noreferrer noopener\" aria-label=\"Sanda Schmidjell (Peregrina), Klaus Ottomeyer (Aspis) und Linda A\u00e7\u0131kal\u0131n (opens in a new tab)\" href=\"http:\/\/stimme.minderheiten.at\/wordpress\/wp-content\/uploads\/sites\/3\/2022\/07\/stimme_Nr_123_web_S22-25.pdf\" target=\"_blank\">Linda A\u00e7\u0131kal\u0131n<\/a><\/strong> (Miteinander Lernen) sprechen mit <strong><a href=\"http:\/\/stimme.minderheiten.at\/wordpress\/wp-content\/uploads\/sites\/3\/2022\/07\/stimme_Nr_123_web_S22-25.pdf\" target=\"_blank\" rel=\"noreferrer noopener\" aria-label=\"Cornelia Kogoj (opens in a new tab)\">Cornelia Kogoj<\/a><\/strong> \u00fcber die Herausforderungen ihrer Arbeit und Forderungen an die Politik.<\/p>\n\n\n\n<p>An dieser\nStelle m\u00f6chte ich mich herzlich bei <strong>Dagmar\nKogoj<\/strong> und <strong>Sanda\nSchmidjell<\/strong> f\u00fcr ihre\nkonzeptionelle Unterst\u00fctzung bedanken. \n<\/p>\n\n\n\n<p>WIR\nTRAUERN<\/p>\n\n\n\n<p>Ende April und Anfang Mai 2022 sind<strong> <a rel=\"noreferrer noopener\" aria-label=\"Willi Restarits (opens in a new tab)\" href=\"http:\/\/stimme.minderheiten.at\/wordpress\/wp-content\/uploads\/sites\/3\/2022\/07\/stimme_Nr_123_web_S31.pdf\" target=\"_blank\">Willi Resetarits<\/a><\/strong> und <strong><a rel=\"noreferrer noopener\" aria-label=\"Ru\u017ea Nikoli\u0107-Lakatos (opens in a new tab)\" href=\"http:\/\/stimme.minderheiten.at\/wordpress\/wp-content\/uploads\/sites\/3\/2022\/07\/stimme_Nr_123_web_S27.pdf\" target=\"_blank\">Ru\u017ea Nikoli\u0107-Lakatos<\/a><\/strong> unerwartet von uns gegangen. Mit ihrem musikalischen Schaffen und politischen Engagement haben beide in \u00d6sterreich sehr viel bewegt. <strong>Ursula Hemetek<\/strong> bedankt sich in ihrer W\u00fcrdigung bei beiden K\u00fcnstler:innen in unser aller Namen.<\/p>\n\n\n\n<p>Die\nErinnerung bleibt, die Zuversicht auch. Mit den Worten von Ursula\nHemetek: \u201eDanke f\u00fcr all das Sch\u00f6ne!\u201c<\/p>\n\n\n\n<p><strong>Gamze Ongan<\/strong>, Chefredakteurin<\/p>\n\n\n\n<hr class=\"wp-block-separator has-css-opacity\" \/>\n\n\n\n<p><\/p>\n\n\n\n<p>Stimmlage &#8211; von <a rel=\"noreferrer noopener\" aria-label=\"Hakan G\u00fcrses (opens in a new tab)\" href=\"http:\/\/stimme.minderheiten.at\/wordpress\/wp-content\/uploads\/sites\/3\/2022\/07\/stimme_Nr_123_web_S06.pdf\" target=\"_blank\">Hakan G\u00fcrses<\/a><\/p>\n\n\n\n<p>Groll &#8211; von <a href=\"http:\/\/stimme.minderheiten.at\/wordpress\/wp-content\/uploads\/sites\/3\/2022\/07\/stimme_Nr_123_web_S30.pdf\" target=\"_blank\" rel=\"noreferrer noopener\" aria-label=\"Erwin Riess (opens in a new tab)\">Erwin Riess<\/a><\/p>\n\n\n\n<p>Unversch\u00e4mte Geschichten &#8211; von <a rel=\"noreferrer noopener\" aria-label=\"Michael Oertl (opens in a new tab)\" href=\"http:\/\/stimme.minderheiten.at\/wordpress\/wp-content\/uploads\/sites\/3\/2022\/07\/stimme_Nr_123_web_S26.pdf\" target=\"_blank\">Michael Oertl<\/a><\/p>\n\n\n\n<p>Nachlese &#8211; von <a rel=\"noreferrer noopener\" aria-label=\"Maike Cram (opens in a new tab)\" href=\"http:\/\/stimme.minderheiten.at\/wordpress\/wp-content\/uploads\/sites\/3\/2022\/07\/stimme_Nr_123_web_S28-29.pdf\" target=\"_blank\">Maike Cram<\/a><\/p>\n\n\n\n<p>Lekt\u00fcre &#8211; von <a href=\"http:\/\/stimme.minderheiten.at\/wordpress\/wp-content\/uploads\/sites\/3\/2022\/07\/stimme_Nr_123_web_S32-33.pdf\" target=\"_blank\" rel=\"noreferrer noopener\" aria-label=\"Petra Flieger, Jessica Beer &amp; Veronika Bernard (opens in a new tab)\">Petra Flieger, Jessica Beer &amp; Veronika Bernard<\/a><br><\/p>\n\n\n\n<hr class=\"wp-block-separator has-css-opacity\" \/>\n\n\n\n<p><a href=\"http:\/\/stimme.minderheiten.at\/wordpress\/wp-content\/uploads\/sites\/3\/2023\/04\/STIMME-123_2022_.pdf\" target=\"_blank\" rel=\"noreferrer noopener\">Stimme Nr. 123.pdf<\/a><\/p>\n\n\n\n<hr class=\"wp-block-separator has-alpha-channel-opacity\" \/>\n\n\n\n<p>Gestaltung: Fatih Aydo\u011fdu <\/p>\n\n\n\n<p>Lektorat: Daniel M\u00fcller <a href=\"http:\/\/www.syntext.at\/?fbclid=IwAR3YzvAopIcRZtwHuX9tlwGpJTElUXWCng_AN84Ns_bdgiGOiw7JnMhaSmI\">www.syntext.at<\/a><\/p>\n\n\n\n<hr class=\"wp-block-separator has-css-opacity\" \/>\n\n\n\n<p>Aboservice: <a href=\"mailto:abo@initiative.minderheiten.at\">abo(at)initiative.minderheiten.at<\/a><\/p>\n\n\n\n<p>Jedes Abo ist ein Geschenk zum verl\u00e4ngerten Geburtstag und dringend n\u00f6tig.&nbsp; <\/p>\n\n\n\n<p>Jahresabo: \u20ac 20,- \/\/ Zwei-Jahresabo: \u20ac 38,-<br>Abo International: \u20ac 30,- \/\/ Zwei-Jahresabo International: \u20ac 58,-<br>(F\u00fcr Vereinsmitglieder kostenlos, Mitgliedschaft j\u00e4hrlich \u20ac 25,-)<\/p>\n\n\n\n<hr class=\"wp-block-separator has-css-opacity\" \/>\n\n\n\n<p>F\u00f6rdergeber*innen: Kulturabteilung der Stadt Wien (MA 7), Bundesministerium f\u00fcr Kunst, Kultur, \u00f6ffentlicher Dienst und Sport (BMK\u00d6S), Bundesministerium f\u00fcr Bildung, Wissenschaft und Forschung (BMBWF), Land K\u00e4rnten Kultur, Kulturabteilung Burgenland, Land Tirol<\/p>\n\n\n\n<p><\/p>\n","protected":false},"excerpt":{"rendered":"<p>&#46;&#46;&#46;<\/p>\n","protected":false},"author":4,"featured_media":3828,"comment_status":"closed","ping_status":"closed","sticky":false,"template":"","format":"standard","meta":[],"categories":[3,6],"tags":[117,103],"distributor_meta":false,"distributor_terms":false,"distributor_media":false,"distributor_original_site_name":"Zeitschrift Stimme","distributor_original_site_url":"https:\/\/stimme.minderheiten.at\/wordpress","_links":{"self":[{"href":"https:\/\/stimme.minderheiten.at\/wordpress\/index.php\/wp-json\/wp\/v2\/posts\/3827"}],"collection":[{"href":"https:\/\/stimme.minderheiten.at\/wordpress\/index.php\/wp-json\/wp\/v2\/posts"}],"about":[{"href":"https:\/\/stimme.minderheiten.at\/wordpress\/index.php\/wp-json\/wp\/v2\/types\/post"}],"author":[{"embeddable":true,"href":"https:\/\/stimme.minderheiten.at\/wordpress\/index.php\/wp-json\/wp\/v2\/users\/4"}],"replies":[{"embeddable":true,"href":"https:\/\/stimme.minderheiten.at\/wordpress\/index.php\/wp-json\/wp\/v2\/comments?post=3827"}],"version-history":[{"count":37,"href":"https:\/\/stimme.minderheiten.at\/wordpress\/index.php\/wp-json\/wp\/v2\/posts\/3827\/revisions"}],"predecessor-version":[{"id":4040,"href":"https:\/\/stimme.minderheiten.at\/wordpress\/index.php\/wp-json\/wp\/v2\/posts\/3827\/revisions\/4040"}],"wp:featuredmedia":[{"embeddable":true,"href":"https:\/\/stimme.minderheiten.at\/wordpress\/index.php\/wp-json\/wp\/v2\/media\/3828"}],"wp:attachment":[{"href":"https:\/\/stimme.minderheiten.at\/wordpress\/index.php\/wp-json\/wp\/v2\/media?parent=3827"}],"wp:term":[{"taxonomy":"category","embeddable":true,"href":"https:\/\/stimme.minderheiten.at\/wordpress\/index.php\/wp-json\/wp\/v2\/categories?post=3827"},{"taxonomy":"post_tag","embeddable":true,"href":"https:\/\/stimme.minderheiten.at\/wordpress\/index.php\/wp-json\/wp\/v2\/tags?post=3827"}],"curies":[{"name":"wp","href":"https:\/\/api.w.org\/{rel}","templated":true}]}}