{"id":4127,"date":"2023-10-11T13:00:42","date_gmt":"2023-10-11T11:00:42","guid":{"rendered":"https:\/\/stimme.minderheiten.at\/wordpress\/?p=4127"},"modified":"2023-12-18T16:50:50","modified_gmt":"2023-12-18T15:50:50","slug":"128-2023-konstruktiv-streiten","status":"publish","type":"post","link":"https:\/\/stimme.minderheiten.at\/wordpress\/index.php\/stimme\/2023\/4127","title":{"rendered":"#128\/2023 Konstruktiv Streiten &#8211; Identit\u00e4tspolitik und B\u00fcndnisarbeit"},"content":{"rendered":"\n<figure class=\"wp-block-image size-large\"><img decoding=\"async\" loading=\"lazy\" width=\"741\" height=\"1024\" src=\"https:\/\/stimme.minderheiten.at\/wordpress\/wp-content\/uploads\/sites\/3\/2023\/10\/Stimme_128_cover_800pix-741x1024.jpg\" alt=\"\" class=\"wp-image-4128\" srcset=\"https:\/\/stimme.minderheiten.at\/wordpress\/wp-content\/uploads\/sites\/3\/2023\/10\/Stimme_128_cover_800pix-741x1024.jpg 741w, https:\/\/stimme.minderheiten.at\/wordpress\/wp-content\/uploads\/sites\/3\/2023\/10\/Stimme_128_cover_800pix-217x300.jpg 217w, https:\/\/stimme.minderheiten.at\/wordpress\/wp-content\/uploads\/sites\/3\/2023\/10\/Stimme_128_cover_800pix-768x1062.jpg 768w, https:\/\/stimme.minderheiten.at\/wordpress\/wp-content\/uploads\/sites\/3\/2023\/10\/Stimme_128_cover_800pix-520x719.jpg 520w, https:\/\/stimme.minderheiten.at\/wordpress\/wp-content\/uploads\/sites\/3\/2023\/10\/Stimme_128_cover_800pix.jpg 800w\" sizes=\"(max-width: 741px) 100vw, 741px\" \/><\/figure>\n\n\n\n<p><strong>Konstruktiv streiten<\/strong><\/p>\n\n\n\n<p>Im Rahmen eines Symposiums mit dem Titel \u201eMinorit\u00e4re Allianzen in Zeiten der Identit\u00e4tspolitik\u201c diskutierte die <strong>Initiative Minderheiten<\/strong> im November 2022 aktuelle Konflikte um Identit\u00e4t und Erinnerungskultur. Anhand von Keynote-Lectures und Diskussionspanels mit Repr\u00e4sentant*innen minorisierter Gruppen wurde das Konzept der <em>Minorit\u00e4ren Allianz<\/em> im Lichte aktueller identit\u00e4tspolitischer Diskurse einer Kritik unterzogen.<\/p>\n\n\n\n<p>Mit einem Jahr Abstand greifen wir nun das Thema, das nichts an Aktualit\u00e4t eingeb\u00fc\u00dft hat, wieder auf. In unserer Herbstausgabe finden Sie eine Nachlese mit ausgew\u00e4hlten Schwerpunkten des Symposiums und erg\u00e4nzenden Beitr\u00e4gen.<\/p>\n\n\n\n<p>Einleitend lesen Sie die \u00fcberarbeitete Keynote von <strong><a href=\"http:\/\/stimme.minderheiten.at\/wordpress\/wp-content\/uploads\/sites\/3\/2023\/11\/Stimme_128_S08-10.pdf\" target=\"_blank\" rel=\"noreferrer noopener\">Hakan G\u00fcrses<\/a><\/strong> zur Geschichte des politischen Konzepts \u201eMinorit\u00e4re Allianz\u201c, das er vor 30 Jahren f\u00fcr die Initiative Minderheiten ausgearbeitet hat.<\/p>\n\n\n\n<p><a href=\"http:\/\/stimme.minderheiten.at\/wordpress\/wp-content\/uploads\/sites\/3\/2023\/11\/Stimme_128_S11-13.pdf\" target=\"_blank\" rel=\"noreferrer noopener\"><strong>Gudrun Perko<\/strong> und <strong>Leah Carola Czollek<\/strong><\/a> vom Institut \u201eSocial Justice und Radical Diversity\u201d entwickelten das <em>Konzept des Verb\u00fcndet-Seins<\/em> als spezifische Form der Solidarit\u00e4t. Gemeinsam mit <strong><a href=\"http:\/\/stimme.minderheiten.at\/wordpress\/wp-content\/uploads\/sites\/3\/2023\/11\/Stimme_128_S11-13.pdf\" target=\"_blank\" rel=\"noreferrer noopener\">Kelly Laubinger<\/a><\/strong>, Vorsitzende der Bundesvereinigung der Sinti und Roma in Deutschland, diskutieren sie Strategien zur \u00dcberschreitung von Identit\u00e4tspolitiken.<\/p>\n\n\n\n<p>Vermeintlich <em>nat\u00fcrliches<\/em> versus vermeintlich <em>unm\u00f6gliches<\/em> Frausein: Die Essayistin und psychosoziale Beraterin <a href=\"http:\/\/stimme.minderheiten.at\/wordpress\/wp-content\/uploads\/sites\/3\/2023\/11\/Stimme_128_S14-15.pdf\" target=\"_blank\" rel=\"noreferrer noopener\">Daria Kinga Majewski <\/a>zeichnet in ihrem Beitrag nach, dass der Konflikt um die Frage, wer und was eine Frau sei, gar nicht so neu ist.<\/p>\n\n\n\n<p>Der Sammelband <em>Frenemies. Antisemitismus, Rassismus und ihre Kritiker*innen<\/em> bildete f\u00fcr uns den Referenzrahmen in der Symposiumsvorbereitung. Nun hat <a href=\"http:\/\/stimme.minderheiten.at\/wordpress\/wp-content\/uploads\/sites\/3\/2023\/11\/Stimme_128_S16-19.pdf\" target=\"_blank\" rel=\"noreferrer noopener\">Jessica Beer <\/a>mit der Mitherausgeberin<a href=\"http:\/\/stimme.minderheiten.at\/wordpress\/wp-content\/uploads\/sites\/3\/2023\/11\/Stimme_128_S16-19.pdf\" target=\"_blank\" rel=\"noreferrer noopener\"> Sina Arnold<\/a>, wissenschaftliche Mitarbeiterin am Zentrum f\u00fcr Antisemitismusforschung der TU Berlin, \u00fcber den konfliktgeladenen Entstehungsprozess des Bandes und die Notwendigkeit intersektionaler Solidarit\u00e4t gesprochen.<\/p>\n\n\n\n<p>Mit der Dichotomie \u201eBIPoC\u201c und \u201ewei\u00df\u201c und ihren Platz als <em>wei\u00dfe<\/em> J\u00fcd*in zwischen diesen Kategorien besch\u00e4ftigt sich die Autorin und K\u00f6rperk\u00fcnstlerin <strong><a href=\"http:\/\/stimme.minderheiten.at\/wordpress\/wp-content\/uploads\/sites\/3\/2023\/11\/Stimme_128_S23-24.pdf\" target=\"_blank\" rel=\"noreferrer noopener\">Debora Antmann<\/a><\/strong>.<\/p>\n\n\n\n<p>Abschlie\u00dfend bedauert<strong> <a href=\"http:\/\/stimme.minderheiten.at\/wordpress\/wp-content\/uploads\/sites\/3\/2023\/11\/Stimme_128_S20-22.pdf\" target=\"_blank\" rel=\"noreferrer noopener\">Ana Grilc<\/a>, <\/strong>Vorstandsmitglied des Klubs slowenischer Student*innen in Wien, in ihrem Beitrag die Unm\u00f6glichkeit der Allianzenbildung gegen Rechts aufgrund der Spaltung K\u00e4rntner slowenischer Vertretungsorganisationen.<\/p>\n\n\n\n<p>Nach dem ersten Durchlauf in Ober\u00f6sterreich kommt das Kunstprojekt <strong>Stimm*Raum<\/strong> diesmal nach Wien. Die Mitbegr\u00fcnderin <strong><a href=\"http:\/\/stimme.minderheiten.at\/wordpress\/wp-content\/uploads\/sites\/3\/2023\/11\/Stimme_128_S25.pdf\" target=\"_blank\" rel=\"noreferrer noopener\">Maynat Kurbanova<\/a><\/strong> zeichnet den Entwicklungsprozess eines Theaterst\u00fccks nach, das Jugendliche tschetschenischer Herkunft auf die Beine gestellt haben.<\/p>\n\n\n\n<p>HOSI Wien benennt ihre Vereinsbibliothek nach <strong>Ruth Maier<\/strong>.<a href=\"http:\/\/stimme.minderheiten.at\/wordpress\/wp-content\/uploads\/sites\/3\/2023\/11\/Stimme_128_S26-27.pdf\" target=\"_blank\" rel=\"noreferrer noopener\"> <strong>Petra M. Springer<\/strong> <\/a>verfasste ein Portr\u00e4t \u00fcber die \u201e\u00f6sterreichischen Anne Frank\u201c, wie Maier aufgrund ihrer Tageb\u00fccher im norwegischen Exil auch genannt wird.<\/p>\n\n\n\n<p><strong>In eigener Sache<\/strong><\/p>\n\n\n\n<p>Die Initiative Minderheiten freut sich \u00fcber eine weitere Ehrung einer Person aus ihrer Mitte. Im Juni 2023 wurde unserer Kollegin <strong>Gamze Ongan<\/strong>, Chefredakteurin der <strong>Stimme<\/strong>, das Goldene Verdienstzeichen des Landes Wien verliehen. <strong><a href=\"http:\/\/stimme.minderheiten.at\/wordpress\/wp-content\/uploads\/sites\/3\/2023\/11\/Stimme_128_S28-29.pdf\" target=\"_blank\" rel=\"noreferrer noopener\">Sabine Strasser<\/a><\/strong>, langj\u00e4hrige Weggef\u00e4hrtin der Initiative Minderheiten, hielt die Laudatio (Seite 27 \u201328).<\/p>\n\n\n\n<p>Am 3. Dezember 1993 detonierten die ersten Briefbomben, denen weitere zwei Dutzend folgen sollten, in den H\u00e4nden der ORF-Moderatorin Silvana Meixner und des Hartberger Pfarrers August Janisch. Beide wurden schwer verletzt.<\/p>\n\n\n\n<p>Der rechte Terror gegen Minderheiten und ihre Unterst\u00fctzer*innen sollte mit Unterbrechungen vier Jahre lang dauern und erreichte seinen entsetzlichen H\u00f6hepunkt im Februar 1995 mit der Ermordung von vier Roma durch eine Rohrbombe in Oberwart.<\/p>\n\n\n\n<p>30 Jahre nach den gr\u00f6\u00dften innenpolitischen Gewalttaten der&nbsp;Zweiten Republik arbeitet die&nbsp;<strong>Initiative Minderheiten&nbsp;<\/strong>an einer dokumentarischen Wanderausstellung.&nbsp;Der Arbeitstitel lautet: \u201eFeindbild Minderheiten: vom Briefbombenterror der 1990er Jahre bis zur Gegenwart\u201c. Die Auftaktveranstaltung&nbsp;zur Ausstellung&nbsp;findet am 4. Dezember 2023 im Volkskundemuseum&nbsp;in Wien&nbsp;statt&nbsp;(siehe auch Seite 35).<\/p>\n\n\n\n<p>Ein sch\u00f6nes Sp\u00e4tjahr w\u00fcnscht<\/p>\n\n\n\n<p><strong>Ihre Stimme-Redaktion<\/strong><\/p>\n\n\n\n<hr class=\"wp-block-separator has-alpha-channel-opacity\" \/>\n\n\n\n<p>Kritik und Kultur \u2013 von <a href=\"http:\/\/stimme.minderheiten.at\/wordpress\/wp-content\/uploads\/sites\/3\/2023\/11\/Stimme_128_S06.pdf\" target=\"_blank\" rel=\"noreferrer noopener\">Hakan G\u00fcrses<\/a><\/p>\n\n\n\n<p>Lekt\u00fcre: Mit mehreren Sprachen aufwachsen \u2013 von <a href=\"http:\/\/stimme.minderheiten.at\/wordpress\/wp-content\/uploads\/sites\/3\/2023\/11\/Stimme_128_S31.pdf\" target=\"_blank\" rel=\"noreferrer noopener\">Lydia Novak<\/a><\/p>\n\n\n\n<p>Musik: Ayna, das neue Album von \u00d6zlem Bulut \u2013 von <a href=\"http:\/\/stimme.minderheiten.at\/wordpress\/wp-content\/uploads\/sites\/3\/2023\/11\/Stimme_128_S31.pdf\" target=\"_blank\" rel=\"noreferrer noopener\">Hakan G\u00fcrses<\/a><\/p>\n\n\n\n<p>Nachlese: Im Schatten des Regenbogens \u2013 von <a href=\"http:\/\/stimme.minderheiten.at\/wordpress\/wp-content\/uploads\/sites\/3\/2023\/11\/Stimme_128_S32-33.pdf\" target=\"_blank\" rel=\"noreferrer noopener\">Lilian H\u00e4ge<\/a><\/p>\n\n\n\n<p><\/p>\n\n\n\n<hr class=\"wp-block-separator has-alpha-channel-opacity\" \/>\n\n\n\n<p><a rel=\"noreferrer noopener\" href=\"https:\/\/stimme.minderheiten.at\/wordpress\/wp-content\/uploads\/sites\/3\/2023\/11\/Stimme_128_gesamt_es.pdf\" data-type=\"attachment\" data-id=\"4158\" target=\"_blank\">S<\/a><a rel=\"noreferrer noopener\" href=\"https:\/\/stimme.minderheiten.at\/wordpress\/wp-content\/uploads\/sites\/3\/2023\/11\/Stimme_128_gesamt_es.pdf\" data-type=\"attachment\" data-id=\"4158\" target=\"_blank\">T<\/a><a rel=\"noreferrer noopener\" href=\"https:\/\/stimme.minderheiten.at\/wordpress\/wp-content\/uploads\/sites\/3\/2023\/11\/Stimme_128_gesamt_es.pdf\" data-type=\"attachment\" data-id=\"4158\" target=\"_blank\">I<\/a><a rel=\"noreferrer noopener\" href=\"https:\/\/stimme.minderheiten.at\/wordpress\/wp-content\/uploads\/sites\/3\/2023\/11\/Stimme_128_gesamt_es.pdf\" data-type=\"attachment\" data-id=\"4158\" target=\"_blank\">M<\/a><a rel=\"noreferrer noopener\" href=\"https:\/\/stimme.minderheiten.at\/wordpress\/wp-content\/uploads\/sites\/3\/2023\/11\/Stimme_128_gesamt_es.pdf\" data-type=\"attachment\" data-id=\"4158\" target=\"_blank\">M<\/a><a rel=\"noreferrer noopener\" href=\"https:\/\/stimme.minderheiten.at\/wordpress\/wp-content\/uploads\/sites\/3\/2023\/11\/Stimme_128_gesamt_es.pdf\" data-type=\"attachment\" data-id=\"4158\" target=\"_blank\">E<\/a><a rel=\"noreferrer noopener\" href=\"https:\/\/stimme.minderheiten.at\/wordpress\/wp-content\/uploads\/sites\/3\/2023\/11\/Stimme_128_gesamt_es.pdf\" data-type=\"attachment\" data-id=\"4158\" target=\"_blank\"> <\/a><a rel=\"noreferrer noopener\" href=\"https:\/\/stimme.minderheiten.at\/wordpress\/wp-content\/uploads\/sites\/3\/2023\/11\/Stimme_128_gesamt_es.pdf\" data-type=\"attachment\" data-id=\"4158\" target=\"_blank\">N<\/a><a rel=\"noreferrer noopener\" href=\"https:\/\/stimme.minderheiten.at\/wordpress\/wp-content\/uploads\/sites\/3\/2023\/11\/Stimme_128_gesamt_es.pdf\" data-type=\"attachment\" data-id=\"4158\" target=\"_blank\">r<\/a><a rel=\"noreferrer noopener\" href=\"https:\/\/stimme.minderheiten.at\/wordpress\/wp-content\/uploads\/sites\/3\/2023\/11\/Stimme_128_gesamt_es.pdf\" data-type=\"attachment\" data-id=\"4158\" target=\"_blank\">. <\/a><a rel=\"noreferrer noopener\" href=\"https:\/\/stimme.minderheiten.at\/wordpress\/wp-content\/uploads\/sites\/3\/2023\/11\/Stimme_128_gesamt_es.pdf\" data-type=\"attachment\" data-id=\"4158\" target=\"_blank\">1<\/a><a rel=\"noreferrer noopener\" href=\"https:\/\/stimme.minderheiten.at\/wordpress\/wp-content\/uploads\/sites\/3\/2023\/11\/Stimme_128_gesamt_es.pdf\" data-type=\"attachment\" data-id=\"4158\" target=\"_blank\">2<\/a><a rel=\"noreferrer noopener\" href=\"https:\/\/stimme.minderheiten.at\/wordpress\/wp-content\/uploads\/sites\/3\/2023\/11\/Stimme_128_gesamt_es.pdf\" data-type=\"attachment\" data-id=\"4158\" target=\"_blank\">8<\/a><a rel=\"noreferrer noopener\" href=\"https:\/\/stimme.minderheiten.at\/wordpress\/wp-content\/uploads\/sites\/3\/2023\/11\/Stimme_128_gesamt_es.pdf\" data-type=\"attachment\" data-id=\"4158\" target=\"_blank\">.<\/a><a rel=\"noreferrer noopener\" href=\"https:\/\/stimme.minderheiten.at\/wordpress\/wp-content\/uploads\/sites\/3\/2023\/11\/Stimme_128_gesamt_es.pdf\" data-type=\"attachment\" data-id=\"4158\" target=\"_blank\">p<\/a><a rel=\"noreferrer noopener\" href=\"https:\/\/stimme.minderheiten.at\/wordpress\/wp-content\/uploads\/sites\/3\/2023\/11\/Stimme_128_gesamt_es.pdf\" data-type=\"attachment\" data-id=\"4158\" target=\"_blank\">d<\/a><a rel=\"noreferrer noopener\" href=\"https:\/\/stimme.minderheiten.at\/wordpress\/wp-content\/uploads\/sites\/3\/2023\/11\/Stimme_128_gesamt_es.pdf\" data-type=\"attachment\" data-id=\"4158\" target=\"_blank\">f<\/a><\/p>\n\n\n\n<hr class=\"wp-block-separator has-alpha-channel-opacity\" \/>\n\n\n\n<p>Gestaltung: Fatih Aydo\u011fdu<\/p>\n\n\n\n<p>Lektorat: Daniel M\u00fcller <a href=\"http:\/\/www.syntext.at\/?fbclid=IwAR3YzvAopIcRZtwHuX9tlwGpJTElUXWCng_AN84Ns_bdgiGOiw7JnMhaSmI\">www.syntext.at<\/a><\/p>\n\n\n\n<hr class=\"wp-block-separator has-alpha-channel-opacity\" \/>\n\n\n\n<p>Aboservice: <a href=\"mailto:abo@initiative.minderheiten.at\">abo(at)initiative.minderheiten.at<\/a><\/p>\n\n\n\n<p>Jedes Abo ist ein Geschenk zum verl\u00e4ngerten Geburtstag und dringend n\u00f6tig.&nbsp;<\/p>\n\n\n\n<p>Jahresabo: \u20ac 20,- \/\/ Zwei-Jahresabo: \u20ac 38,-<br>Abo International: \u20ac 30,- \/\/ Zwei-Jahresabo International: \u20ac 58,-<br>(F\u00fcr Vereinsmitglieder kostenlos, Mitgliedschaft j\u00e4hrlich \u20ac 25,-)<\/p>\n\n\n\n<hr class=\"wp-block-separator has-alpha-channel-opacity\" \/>\n\n\n\n<p>F\u00f6rdergeber*innen: Kulturabteilung der Stadt Wien (MA 7), Bundesministerium f\u00fcr Kunst, Kultur, \u00f6ffentlicher Dienst und Sport (BMK\u00d6S), Bundesministerium f\u00fcr Bildung, Wissenschaft und Forschung (BMBWF), Bundesministerium f\u00fcr Soziales, Gesundheit, Pflege und Konsumentenschutz, Zukunftsfonds der Republik \u00d6sterreich, Land K\u00e4rnten Kultur, Kulturabteilung Burgenland, Land Tirol<\/p>\n\n\n\n<p><a href=\"https:\/\/stimme.minderheiten.at\/wordpress\/index.php\/stimme\/2023\/4089#\"><\/a><\/p>\n","protected":false},"excerpt":{"rendered":"<p>&#46;&#46;&#46;<\/p>\n","protected":false},"author":4,"featured_media":4128,"comment_status":"closed","ping_status":"closed","sticky":false,"template":"","format":"standard","meta":[],"categories":[6],"tags":[84],"distributor_meta":false,"distributor_terms":false,"distributor_media":false,"distributor_original_site_name":"Zeitschrift Stimme","distributor_original_site_url":"https:\/\/stimme.minderheiten.at\/wordpress","_links":{"self":[{"href":"https:\/\/stimme.minderheiten.at\/wordpress\/index.php\/wp-json\/wp\/v2\/posts\/4127"}],"collection":[{"href":"https:\/\/stimme.minderheiten.at\/wordpress\/index.php\/wp-json\/wp\/v2\/posts"}],"about":[{"href":"https:\/\/stimme.minderheiten.at\/wordpress\/index.php\/wp-json\/wp\/v2\/types\/post"}],"author":[{"embeddable":true,"href":"https:\/\/stimme.minderheiten.at\/wordpress\/index.php\/wp-json\/wp\/v2\/users\/4"}],"replies":[{"embeddable":true,"href":"https:\/\/stimme.minderheiten.at\/wordpress\/index.php\/wp-json\/wp\/v2\/comments?post=4127"}],"version-history":[{"count":22,"href":"https:\/\/stimme.minderheiten.at\/wordpress\/index.php\/wp-json\/wp\/v2\/posts\/4127\/revisions"}],"predecessor-version":[{"id":4192,"href":"https:\/\/stimme.minderheiten.at\/wordpress\/index.php\/wp-json\/wp\/v2\/posts\/4127\/revisions\/4192"}],"wp:featuredmedia":[{"embeddable":true,"href":"https:\/\/stimme.minderheiten.at\/wordpress\/index.php\/wp-json\/wp\/v2\/media\/4128"}],"wp:attachment":[{"href":"https:\/\/stimme.minderheiten.at\/wordpress\/index.php\/wp-json\/wp\/v2\/media?parent=4127"}],"wp:term":[{"taxonomy":"category","embeddable":true,"href":"https:\/\/stimme.minderheiten.at\/wordpress\/index.php\/wp-json\/wp\/v2\/categories?post=4127"},{"taxonomy":"post_tag","embeddable":true,"href":"https:\/\/stimme.minderheiten.at\/wordpress\/index.php\/wp-json\/wp\/v2\/tags?post=4127"}],"curies":[{"name":"wp","href":"https:\/\/api.w.org\/{rel}","templated":true}]}}